{"id":9483,"date":"2025-07-02T17:08:15","date_gmt":"2025-07-02T15:08:15","guid":{"rendered":"https:\/\/cives-school.de\/?p=9483"},"modified":"2025-08-18T10:48:14","modified_gmt":"2025-08-18T08:48:14","slug":"videobasierte-forschungstaerkt-die-professionalisierungin-der-lehrkraeftebildung","status":"publish","type":"post","link":"https:\/\/cives-school.de\/?p=9483","title":{"rendered":"Videobasierte Forschung<br>st\u00e4rkt die Professionalisierung<br>in der Lehrkr\u00e4ftebildung"},"content":{"rendered":"\n<h2 class=\"wp-block-heading\">Sabine Manzel erl\u00e4utert nachhaltige Effekte<\/h2>\n\n\n<div class=\"wp-block-image\">\n<figure class=\"alignright size-large is-resized\"><img loading=\"lazy\" decoding=\"async\" width=\"1024\" height=\"506\" src=\"https:\/\/cives-school.de\/wp-content\/uploads\/2024\/01\/LArS_Bildausschnitt_Lernvideo22-1024x506.jpg\" alt=\"\" class=\"wp-image-8916\" style=\"width:345px;height:auto\" srcset=\"https:\/\/cives-school.de\/wp-content\/uploads\/2024\/01\/LArS_Bildausschnitt_Lernvideo22-1024x506.jpg 1024w, https:\/\/cives-school.de\/wp-content\/uploads\/2024\/01\/LArS_Bildausschnitt_Lernvideo22-300x148.jpg 300w, https:\/\/cives-school.de\/wp-content\/uploads\/2024\/01\/LArS_Bildausschnitt_Lernvideo22-768x380.jpg 768w, https:\/\/cives-school.de\/wp-content\/uploads\/2024\/01\/LArS_Bildausschnitt_Lernvideo22-1536x759.jpg 1536w, https:\/\/cives-school.de\/wp-content\/uploads\/2024\/01\/LArS_Bildausschnitt_Lernvideo22-250x124.jpg 250w, https:\/\/cives-school.de\/wp-content\/uploads\/2024\/01\/LArS_Bildausschnitt_Lernvideo22.jpg 1594w\" sizes=\"auto, (max-width: 1024px) 100vw, 1024px\" \/><\/figure>\n<\/div>\n\n\n<p>Unterricht findet bekannterma\u00dfen im gesch\u00fctzten Klassenzimmer statt. Aufzeichnungen von Fachunterricht zu Forschungs- und Ausbildungszwecken sind daher selten. Unterrichtsvideos f\u00fcr politisch bildende Schulf\u00e4cher, die zudem frei zug\u00e4nglich sind, existieren erst seit 2023.<\/p>\n\n\n\n<p>Entwickelt wurden diese vom <a href=\"https:\/\/www.politik-unterricht.de\/Projekt-LArS-nrw\/\" target=\"_blank\" rel=\"noreferrer noopener\">LArS.NRW-Projekt,<\/a> \u00fcber das wir an <a href=\"https:\/\/cives-school.de\/?p=8915\" target=\"_blank\" rel=\"noreferrer noopener\">anderer Stelle<\/a> berichteten.<\/p>\n\n\n<div class=\"wp-block-image\">\n<figure class=\"alignleft size-large is-resized\"><img loading=\"lazy\" decoding=\"async\" width=\"1024\" height=\"576\" src=\"https:\/\/cives-school.de\/wp-content\/uploads\/2023\/05\/portraits-fh-sm-1024x576.jpg\" alt=\"Portr\u00e4t-Fotos von Sabine Manzel und Frederik Heyen\" class=\"wp-image-8582\" style=\"width:213px;height:auto\"\/><\/figure>\n<\/div>\n\n\n<p>Den Weg hierhin zeichnet <a href=\"https:\/\/www.uni-due.de\/politik\/manzel.php\" target=\"_blank\" rel=\"noreferrer noopener\">Prof. Sabine Manzel<\/a> mit Frederik Heyen in ihrem neuen Beitrag &#x2197;&#xfe0f;\u201e<a href=\"https:\/\/www.waxmann.com\/shop\/download?tx_p2waxmann_download%5Baction%5D=download&amp;tx_p2waxmann_download%5Bbuchnr%5D=4998&amp;tx_p2waxmann_download%5Bcontroller%5D=Zeitschrift&amp;cHash=eae0949dd2eead3be96872d438013c82\" target=\"_blank\" rel=\"noreferrer noopener\">Videografie in der politikdidaktischen Forschung und praxisorientierten Lehrkr\u00e4ftebildung in den Sozialwissenschaften<\/a>\u201c nach. In komprimierter Form liefert sie einen <strong>\u00dcberblick <\/strong>\u00fcber diese empirische Arbeit am UDE-Lehrstuhl seit 2011 und verdeutlicht die Ertr\u00e4ge der Videografie, z.B.:<\/p>\n\n\n\n<ul class=\"wp-block-list\">\n<li><strong>Grundlagenforschung:<\/strong> Wo bundesweit repr\u00e4sentative Ergebnisse fehlen, liefern die videografierten Unterrichtsstunden essentielle Hinweise auf die Kernpraktiken allt\u00e4glichen SoWi-\/Politikunterrichts. Ein wichtiges Fundament f\u00fcr weitere praxisbezogene Forschung.<\/li>\n\n\n\n<li><strong>Professionsentwicklung:<\/strong> Frei verf\u00fcgbare Unterrichtsvideos k\u00f6nnen sowohl die Ausbildung von Lehramtsstudierenden als auch die Fortbildung von bereits t\u00e4tigen Lehrkr\u00e4ften effektiv bereichern.\n<ul class=\"wp-block-list\">\n<li><strong>Ausbildung:<\/strong> Durch ihren unmittelbaren Einblick in das Unterrichtsgeschehen k\u00f6nnen sowohl fachliche Lernprozesse von Sch\u00fcler*innen als auch das Handeln von Lehrkr\u00e4ften veranschaulicht werden. So kann der Wunsch vieler Lehramtsstudierender nach mehr Praxisn\u00e4he bereits im Studium erf\u00fcllt werden.<\/li>\n\n\n\n<li><strong>Fortbildung:<\/strong> Hier k\u00f6nnen empirische Befunde, z.B. anhand konkreter Fallbeispiele, mit den eigenen Unterrichtserfahrungen r\u00fcckgekoppelt, theoretisch aufgearbeitet sowie gemeinsam didaktisch-methodische L\u00f6sungen f\u00fcr herausfordernde Situationen (weiter-)entwickelt werden, siehe bspw. unseren <a href=\"https:\/\/cives-school.de\/?p=9431\" target=\"_blank\" rel=\"noreferrer noopener\"><em>CIVES<\/em>-Workshop.<\/a><\/li>\n<\/ul>\n<\/li>\n<\/ul>\n\n\n<div class=\"wp-block-image\">\n<figure class=\"alignleft size-full is-resized\"><img loading=\"lazy\" decoding=\"async\" width=\"541\" height=\"771\" src=\"https:\/\/cives-school.de\/wp-content\/uploads\/2025\/08\/2025_Cover_BiFo-IZfB_Waxmann.jpg\" alt=\"\" class=\"wp-image-9485\" style=\"width:180px;height:auto\" srcset=\"https:\/\/cives-school.de\/wp-content\/uploads\/2025\/08\/2025_Cover_BiFo-IZfB_Waxmann.jpg 541w, https:\/\/cives-school.de\/wp-content\/uploads\/2025\/08\/2025_Cover_BiFo-IZfB_Waxmann-211x300.jpg 211w, https:\/\/cives-school.de\/wp-content\/uploads\/2025\/08\/2025_Cover_BiFo-IZfB_Waxmann-250x356.jpg 250w\" sizes=\"auto, (max-width: 541px) 100vw, 541px\" \/><\/figure>\n<\/div>\n\n\n<p>Der Beitrag ist im Open-Access-Sammelband \u201e<a href=\"https:\/\/www.waxmann.com\/buecher\/?tx_p2waxmann_buchliste%5bbuchnr%5d=4998&amp;tx_p2waxmann_buchliste%5baction%5d=show\" target=\"_blank\" rel=\"noreferrer noopener\">Bildungsforschung und Bildungspraxis in der Metropole Ruhr. Schule und Lehrkr\u00e4ftebildung gemeinsam im regionalen Kontext entwickeln<\/a>\u201c (Waxmann Verlag, S. 364-373) erschienen und wurde von Isabell von Ackeren, Kerstin G\u00f6bel &amp; Christian Ropohl herausgegeben. Unterteilt in sechs Themenbereiche wie z.B. Schulentwicklung im Sozialraum, Mehrsprachigkeit, Digitale Medien, liefert das Buch einen multiperspektivischen und kurzweiligen <strong>Einblick in die dichte, dynamische und von Diversit\u00e4t gepr\u00e4gte Bildungslandschaft des Ruhrgebiets.<\/strong><\/p>\n","protected":false},"excerpt":{"rendered":"<p>Sabine Manzel erl\u00e4utert nachhaltige Effekte Unterricht findet bekannterma\u00dfen im gesch\u00fctzten Klassenzimmer statt. Aufzeichnungen von Fachunterricht zu Forschungs- und Ausbildungszwecken sind daher selten. Unterrichtsvideos f\u00fcr politisch bildende Schulf\u00e4cher, die zudem frei zug\u00e4nglich sind, existieren erst seit 2023. Entwickelt wurden diese vom LArS.NRW-Projekt, \u00fcber das wir an anderer &hellip; <\/p>\n<p><a href=\"https:\/\/cives-school.de\/?p=9483\" class=\"more-link\"><span class=\"morelink-icon\">Weiterlesen<\/span><\/a><\/p>\n","protected":false},"author":7,"featured_media":0,"comment_status":"closed","ping_status":"","sticky":false,"template":"","format":"standard","meta":{"footnotes":""},"categories":[1,19,18],"tags":[],"class_list":["post-9483","post","type-post","status-publish","format-standard","hentry","category-allgemein","category-forschung","category-literaturmaterial"],"_links":{"self":[{"href":"https:\/\/cives-school.de\/index.php?rest_route=\/wp\/v2\/posts\/9483","targetHints":{"allow":["GET"]}}],"collection":[{"href":"https:\/\/cives-school.de\/index.php?rest_route=\/wp\/v2\/posts"}],"about":[{"href":"https:\/\/cives-school.de\/index.php?rest_route=\/wp\/v2\/types\/post"}],"author":[{"embeddable":true,"href":"https:\/\/cives-school.de\/index.php?rest_route=\/wp\/v2\/users\/7"}],"replies":[{"embeddable":true,"href":"https:\/\/cives-school.de\/index.php?rest_route=%2Fwp%2Fv2%2Fcomments&post=9483"}],"version-history":[{"count":9,"href":"https:\/\/cives-school.de\/index.php?rest_route=\/wp\/v2\/posts\/9483\/revisions"}],"predecessor-version":[{"id":9495,"href":"https:\/\/cives-school.de\/index.php?rest_route=\/wp\/v2\/posts\/9483\/revisions\/9495"}],"wp:attachment":[{"href":"https:\/\/cives-school.de\/index.php?rest_route=%2Fwp%2Fv2%2Fmedia&parent=9483"}],"wp:term":[{"taxonomy":"category","embeddable":true,"href":"https:\/\/cives-school.de\/index.php?rest_route=%2Fwp%2Fv2%2Fcategories&post=9483"},{"taxonomy":"post_tag","embeddable":true,"href":"https:\/\/cives-school.de\/index.php?rest_route=%2Fwp%2Fv2%2Ftags&post=9483"}],"curies":[{"name":"wp","href":"https:\/\/api.w.org\/{rel}","templated":true}]}}