{"id":9184,"date":"2024-11-22T12:43:49","date_gmt":"2024-11-22T10:43:49","guid":{"rendered":"https:\/\/cives-school.de\/?p=9184"},"modified":"2024-12-19T12:50:40","modified_gmt":"2024-12-19T10:50:40","slug":"demokratiebildung-staerken","status":"publish","type":"post","link":"https:\/\/cives-school.de\/?p=9184","title":{"rendered":"Demokratiebildung st\u00e4rken"},"content":{"rendered":"\n<h2 class=\"wp-block-heading\">Workshops zeigen M\u00f6glichkeiten f\u00fcr den Fachunterricht<\/h2>\n\n\n\n<p>Seit Herbst ist <a href=\"https:\/\/www.uni-due.de\/politik\/manzel.php\" target=\"_blank\" rel=\"noreferrer noopener\">Prof. Dr. Sabine Manzel<\/a> mit <strong>Workshops zur Demokratiebildung<\/strong> unterwegs. So fand Mitte Oktober die Tagung \u201e<a href=\"https:\/\/www.uni-trier.de\/universitaet\/fachbereiche-faecher\/fachbereich-iii\/faecher\/geschichte\/profil\/fachgebiete\/didaktik-der-gesellschaftswissenschaften\/forschung-und-projekte\/adila-aktiv-fuer-demokratiebildung-im-lehramt\/4\/archiv\/detailansicht?tx_news_pi1%5Baction%5D=detail&amp;tx_news_pi1%5Bcontroller%5D=News&amp;tx_news_pi1%5Bnews%5D=26888&amp;cHash=53a7277541d87d167b8c389c0e0c0827\" target=\"_blank\" rel=\"noreferrer noopener\">Demokratiebildung als Querschnittsaufgabe der Lehrer:innenbildung<\/a>\u201c im Rahmen des Projekts <em>ADiLA &#8211; Aktiv f\u00fcr Demokratiebildung im Lehramt<\/em> an der Universit\u00e4t Trier statt. Teilnehmende Lehrkr\u00e4fte loteten in einem <strong>Videotraining zu demokratiefeindlichen Sch\u00fcler*innen-\u00c4u\u00dferungen<\/strong> Handlungsoptionen f\u00fcr den professionellen Umgang mit kritischen Situationen aus.<\/p>\n\n\n<div class=\"wp-block-image\">\n<figure class=\"aligncenter size-large is-resized\"><a href=\"https:\/\/cives-school.de\/wp-content\/uploads\/2024\/12\/2024_ADiLA-Workshop_Manzel_Uni-Trier.jpg\"><img loading=\"lazy\" decoding=\"async\" width=\"1024\" height=\"435\" src=\"https:\/\/cives-school.de\/wp-content\/uploads\/2024\/12\/2024_ADiLA-Workshop_Manzel_Uni-Trier-1024x435.jpg\" alt=\"\" class=\"wp-image-9281\" style=\"width:677px;height:auto\" srcset=\"https:\/\/cives-school.de\/wp-content\/uploads\/2024\/12\/2024_ADiLA-Workshop_Manzel_Uni-Trier-1024x435.jpg 1024w, https:\/\/cives-school.de\/wp-content\/uploads\/2024\/12\/2024_ADiLA-Workshop_Manzel_Uni-Trier-300x127.jpg 300w, https:\/\/cives-school.de\/wp-content\/uploads\/2024\/12\/2024_ADiLA-Workshop_Manzel_Uni-Trier-768x326.jpg 768w, https:\/\/cives-school.de\/wp-content\/uploads\/2024\/12\/2024_ADiLA-Workshop_Manzel_Uni-Trier-250x106.jpg 250w, https:\/\/cives-school.de\/wp-content\/uploads\/2024\/12\/2024_ADiLA-Workshop_Manzel_Uni-Trier.jpg 1365w\" sizes=\"auto, (max-width: 1024px) 100vw, 1024px\" \/><\/a><figcaption class=\"wp-element-caption\"><sub><sup>\u00a9 <em>Universit\u00e4t Trier, ADiLA<\/em><\/sup><\/sub><\/figcaption><\/figure>\n<\/div>\n\n\n<p>Am 13. November tauschten sich Teilnehmende des <a href=\"https:\/\/cives-school.de\/?page_id=5214\" target=\"_blank\" rel=\"noreferrer noopener\">CIVES-SoWi-Netzwerks<\/a> an der Universit\u00e4t Duisburg-Essen zum \u00fcbergeordneten Thema \u201e<em>Das Klassenzimmer als Austragungsort aktueller Konflikte in pluralen Gesellschaften?<\/em>\u201c aus. Im Rahmen des <strong>fachdidaktischen Fortbildungsangebots<\/strong> wurden erste Daten einer Sch\u00fcler*innenbefragung zu Konflikten im Klassenzimmer und auf dem Pausenhof pr\u00e4sentiert. In Workshopphasen wurden diese Erkenntnisse anhand von Fallbeispielen vertieft, emotionale Triggerpunkte und diskursive Herausforderungen im Fachunterricht konkretisiert und <strong>fachdidaktische sowie p\u00e4dagogische Antworten<\/strong> diskutiert. &nbsp;<\/p>\n\n\n\n<figure class=\"wp-block-image size-large\"><img loading=\"lazy\" decoding=\"async\" width=\"1024\" height=\"576\" src=\"https:\/\/cives-school.de\/wp-content\/uploads\/2024\/12\/2024_lul-fobi-collage-1024x576.jpg\" alt=\"\" class=\"wp-image-9295\" srcset=\"https:\/\/cives-school.de\/wp-content\/uploads\/2024\/12\/2024_lul-fobi-collage-1024x576.jpg 1024w, https:\/\/cives-school.de\/wp-content\/uploads\/2024\/12\/2024_lul-fobi-collage-300x169.jpg 300w, https:\/\/cives-school.de\/wp-content\/uploads\/2024\/12\/2024_lul-fobi-collage-768x432.jpg 768w, https:\/\/cives-school.de\/wp-content\/uploads\/2024\/12\/2024_lul-fobi-collage-1536x864.jpg 1536w, https:\/\/cives-school.de\/wp-content\/uploads\/2024\/12\/2024_lul-fobi-collage-250x141.jpg 250w, https:\/\/cives-school.de\/wp-content\/uploads\/2024\/12\/2024_lul-fobi-collage.jpg 1600w\" sizes=\"auto, (max-width: 1024px) 100vw, 1024px\" \/><\/figure>\n\n\n\n<p><\/p>\n\n\n\n<p>Prof. Manzel begegnet mit ihren Workshops dem Wunsch von Lehrkr\u00e4ften nach mehr <strong>Sicherheit im professionellen Umgang mit Konflikten und tiefgreifendem Dissens<\/strong>: Wie sollen sie sich in Unterrichtssituationen verhalten, in denen sich Sch\u00fcler*innenpopulistisch oder gar menschenverachtend \u00e4u\u00dfern und die Grenzen der Toleranz, des demokratischen Wertekanons und universelle Menschenrechte \u00fcberschreiten? Wo liegen die Grenzen der Kontroversit\u00e4t?<\/p>\n\n\n\n<p>Zu diesen Fragen gibt es Angebote, die sich aus wissenschaftlichen Forschungsprojekten f\u00fcr die Praxis nutzen lassen. So eignen sich beispielsweise <strong>Videotrainings<\/strong> <strong>auf Basis authentischer Unterrichtsaufnahmen<\/strong>, um Lehrkr\u00e4fte auf Konflikte in Diskussionen im Klassenzimmer vorzubereiten. In der gemeinsamen Reflexion kritischer Situationen, in denen Sch\u00fcler*innen durch ihre \u00c4u\u00dferungen die gemeinsame demokratische Wertebasis verlassen, k\u00f6nnen Unsicherheiten gegen\u00fcber der &#8218;richtigen&#8216; Lesart des Beutelsbacher Konsens abgebaut werden (mehr zu den Animationsvideos aus dem LArS-Forschungsprojekt <a href=\"https:\/\/cives-school.de\/?p=8915\" target=\"_blank\" rel=\"noreferrer noopener\">hier<\/a>).<\/p>\n\n\n\n<p><\/p>\n","protected":false},"excerpt":{"rendered":"<p>Workshops zeigen M\u00f6glichkeiten f\u00fcr den Fachunterricht Seit Herbst ist Prof. Dr. Sabine Manzel mit Workshops zur Demokratiebildung unterwegs. So fand Mitte Oktober die Tagung \u201eDemokratiebildung als Querschnittsaufgabe der Lehrer:innenbildung\u201c im Rahmen des Projekts ADiLA &#8211; Aktiv f\u00fcr Demokratiebildung im Lehramt an der Universit\u00e4t Trier statt. Teilnehmende &hellip; <\/p>\n<p><a href=\"https:\/\/cives-school.de\/?p=9184\" class=\"more-link\"><span class=\"morelink-icon\">Weiterlesen<\/span><\/a><\/p>\n","protected":false},"author":7,"featured_media":0,"comment_status":"closed","ping_status":"","sticky":false,"template":"","format":"standard","meta":{"footnotes":""},"categories":[1,47,30,33,5,17],"tags":[],"class_list":["post-9184","post","type-post","status-publish","format-standard","hentry","category-allgemein","category-ausbilderinnen","category-fachnetzwerk","category-fortbildung","category-lehrer","category-veranstaltungen"],"_links":{"self":[{"href":"https:\/\/cives-school.de\/index.php?rest_route=\/wp\/v2\/posts\/9184","targetHints":{"allow":["GET"]}}],"collection":[{"href":"https:\/\/cives-school.de\/index.php?rest_route=\/wp\/v2\/posts"}],"about":[{"href":"https:\/\/cives-school.de\/index.php?rest_route=\/wp\/v2\/types\/post"}],"author":[{"embeddable":true,"href":"https:\/\/cives-school.de\/index.php?rest_route=\/wp\/v2\/users\/7"}],"replies":[{"embeddable":true,"href":"https:\/\/cives-school.de\/index.php?rest_route=%2Fwp%2Fv2%2Fcomments&post=9184"}],"version-history":[{"count":14,"href":"https:\/\/cives-school.de\/index.php?rest_route=\/wp\/v2\/posts\/9184\/revisions"}],"predecessor-version":[{"id":9298,"href":"https:\/\/cives-school.de\/index.php?rest_route=\/wp\/v2\/posts\/9184\/revisions\/9298"}],"wp:attachment":[{"href":"https:\/\/cives-school.de\/index.php?rest_route=%2Fwp%2Fv2%2Fmedia&parent=9184"}],"wp:term":[{"taxonomy":"category","embeddable":true,"href":"https:\/\/cives-school.de\/index.php?rest_route=%2Fwp%2Fv2%2Fcategories&post=9184"},{"taxonomy":"post_tag","embeddable":true,"href":"https:\/\/cives-school.de\/index.php?rest_route=%2Fwp%2Fv2%2Ftags&post=9184"}],"curies":[{"name":"wp","href":"https:\/\/api.w.org\/{rel}","templated":true}]}}