{"id":8962,"date":"2023-11-28T14:35:18","date_gmt":"2023-11-28T12:35:18","guid":{"rendered":"https:\/\/cives-school.de\/?p=8962"},"modified":"2024-01-21T14:49:55","modified_gmt":"2024-01-21T12:49:55","slug":"schuelerinnen-treffen-wirtschaftsweisen","status":"publish","type":"post","link":"https:\/\/cives-school.de\/?p=8962","title":{"rendered":"Sch\u00fcler*innen treffen Wirtschaftsweisen"},"content":{"rendered":"\n<h3 class=\"wp-block-heading\">SoWi-Leistungskurs der Willy-Brandt-Schule M\u00fclheim im Expertengespr\u00e4ch mit Achim Truger<\/h3>\n\n\n\n<figure class=\"wp-block-image size-large\"><a href=\"https:\/\/cives-school.de\/wp-content\/uploads\/2024\/01\/K1024_20231121_173023-e1705839788109.jpg\"><img loading=\"lazy\" decoding=\"async\" width=\"1024\" height=\"418\" src=\"https:\/\/cives-school.de\/wp-content\/uploads\/2024\/01\/K1024_20231121_173023-e1705839788109-1024x418.jpg\" alt=\"Sch\u00fcler*innen und Lehrerin des SoWi-Leistungskurs der Willy-Brandt-Schule M\u00fclheim mit Wirtschaftsweisen Prof. Achim Truger vom Institut f\u00fcr Sozio\u00f6konomie der Universit\u00e4t Duisburg-Essen\" class=\"wp-image-8963\" srcset=\"https:\/\/cives-school.de\/wp-content\/uploads\/2024\/01\/K1024_20231121_173023-e1705839788109-1024x418.jpg 1024w, https:\/\/cives-school.de\/wp-content\/uploads\/2024\/01\/K1024_20231121_173023-e1705839788109-300x122.jpg 300w, https:\/\/cives-school.de\/wp-content\/uploads\/2024\/01\/K1024_20231121_173023-e1705839788109-768x313.jpg 768w, https:\/\/cives-school.de\/wp-content\/uploads\/2024\/01\/K1024_20231121_173023-e1705839788109-250x102.jpg 250w, https:\/\/cives-school.de\/wp-content\/uploads\/2024\/01\/K1024_20231121_173023-e1705839788109.jpg 1064w\" sizes=\"auto, (max-width: 1024px) 100vw, 1024px\" \/><\/a><figcaption class=\"wp-element-caption\"><sub><em>(C) IfSO\/UDE<\/em><\/sub><\/figcaption><\/figure>\n\n\n\n<p><\/p>\n\n\n\n<p>Wie k\u00f6nnen schulischer SoWi-Unterricht und au\u00dferschulische Lerngelegenheiten kombiniert werden, um z.B. <strong>Wirtschaftsunterricht lebensnah und motivierend zu gestalten<\/strong>? Eine M\u00f6glichkeit sind Exkursionen zu au\u00dferschulischen Lernorten und der Austausch mit Expert*innen.<\/p>\n\n\n\n<p>Die <a href=\"https:\/\/www.wbs-mh.de\/index.php\/de\/\" target=\"_blank\" rel=\"noreferrer noopener\">Willy-Brandt-Schule M\u00fclheim<\/a> verwirklicht genau dies zusammen mit dem <a href=\"https:\/\/www.uni-due.de\/soziooekonomie\/institut\" target=\"_blank\" rel=\"noreferrer noopener\">Institut f\u00fcr Sozio\u00f6konomie<\/a> der Universit\u00e4t Duisburg-Essen. Bereits zum zweiten Mal waren Sch\u00fcler*innen des Leistungskurs Sozialwissenschaften der WBS beim Institut f\u00fcr Sozio\u00f6konomie zu Gast, um sich im Rahmen der <a href=\"https:\/\/www.uni-due.de\/soziooekonomie\/svrjahresgutachten2324\" target=\"_blank\" rel=\"noreferrer noopener\">Vorstellung des Jahresgutachtens des Sachverst\u00e4ndigenrats f\u00fcr Wirtschaft<\/a> mit <a href=\"https:\/\/www.uni-due.de\/soziooekonomie\/truger\" data-type=\"link\" data-id=\"https:\/\/www.uni-due.de\/soziooekonomie\/truger\" target=\"_blank\" rel=\"noreferrer noopener\">Prof. Achim Truger <\/a>\u00fcber Fragen der aktuellen Wirtschaftspolitik auszutauschen. Denn zus\u00e4tzlich zu seiner Professur an der UDE ist Achim Truger seit M\u00e4rz 2019 einer der sogenannten f\u00fcnf \u201eWirtschaftsweisen\u201c, die der Bundesregierung j\u00e4hrlich ein umfassendes Gutachten zur Bewertung der wirtschaftlichen Entwicklung vorlegen.<\/p>\n\n\n<div class=\"wp-block-image\">\n<figure class=\"alignright size-large is-resized\"><a href=\"https:\/\/www.uni-due.de\/soziooekonomie\/svrjahresgutachten2324\" target=\"_blank\" rel=\"noreferrer noopener\"><img loading=\"lazy\" decoding=\"async\" width=\"724\" height=\"1024\" src=\"https:\/\/cives-school.de\/wp-content\/uploads\/2024\/01\/fittosize_poster_svr-jahresgutachten2324-724x1024.jpg\" alt=\"\" class=\"wp-image-8966\" style=\"width:216px;height:auto\" srcset=\"https:\/\/cives-school.de\/wp-content\/uploads\/2024\/01\/fittosize_poster_svr-jahresgutachten2324-724x1024.jpg 724w, https:\/\/cives-school.de\/wp-content\/uploads\/2024\/01\/fittosize_poster_svr-jahresgutachten2324-212x300.jpg 212w, https:\/\/cives-school.de\/wp-content\/uploads\/2024\/01\/fittosize_poster_svr-jahresgutachten2324-768x1086.jpg 768w, https:\/\/cives-school.de\/wp-content\/uploads\/2024\/01\/fittosize_poster_svr-jahresgutachten2324-1086x1536.jpg 1086w, https:\/\/cives-school.de\/wp-content\/uploads\/2024\/01\/fittosize_poster_svr-jahresgutachten2324-250x354.jpg 250w, https:\/\/cives-school.de\/wp-content\/uploads\/2024\/01\/fittosize_poster_svr-jahresgutachten2324.jpg 1200w\" sizes=\"auto, (max-width: 724px) 100vw, 724px\" \/><\/a><\/figure>\n<\/div>\n\n\n<p>Die Sch\u00fclerinnen des Leistungskurses hatten die M\u00f6glichkeit, sich mit Achim Truger auszutauschen, ihm Fragen zu wirtschaftspolitischen Themen zu stellen und so <strong>Wirtschaftsthemen im Austausch mit einem Experten live zu er\u00f6rtern<\/strong>. Im Anschluss an das Gespr\u00e4ch besuchten die Sch\u00fclerinnen zudem den Vortrag zum aktuellen Jahresgutachten des Sachverst\u00e4ndigenrats und konnten zum ersten Mal <a href=\"https:\/\/www.uni-due.de\/abz\/lehrer_innen.php\" target=\"_blank\" rel=\"noreferrer noopener\">\u201eUni-Luft\u201c im Vorlesungssaal schnuppern<\/a>.<\/p>\n\n\n\n<p>Das <strong>Institut f\u00fcr Sozio\u00f6konomie<\/strong> bedankt sich herzlich bei der organisierenden Lehrkraft Frau Kl\u00fcttermann der WBS und freut sich bereits auf das n\u00e4chste Treffen im kommenden Jahr.<\/p>\n\n\n\n<p class=\"has-background\" style=\"background-color:#fcb9006e\">Wenn auch Sie mit Ihren Sch\u00fcler*innen <strong>an einer Veranstaltung am Institut f\u00fcr Sozio\u00f6konomie interessiert sind<\/strong>, wenden Sie sich gern per E-Mail an <strong>Julian Becker<\/strong> (<a href=\"mailto:julian.becker@uni-due.de\" target=\"_blank\" rel=\"noreferrer noopener\">julian.becker@uni-due.de<\/a>).<\/p>\n","protected":false},"excerpt":{"rendered":"<p>SoWi-Leistungskurs der Willy-Brandt-Schule M\u00fclheim im Expertengespr\u00e4ch mit Achim Truger Wie k\u00f6nnen schulischer SoWi-Unterricht und au\u00dferschulische Lerngelegenheiten kombiniert werden, um z.B. Wirtschaftsunterricht lebensnah und motivierend zu gestalten? Eine M\u00f6glichkeit sind Exkursionen zu au\u00dferschulischen Lernorten und der Austausch mit Expert*innen. Die Willy-Brandt-Schule M\u00fclheim verwirklicht genau dies zusammen mit &hellip; <\/p>\n<p><a href=\"https:\/\/cives-school.de\/?p=8962\" class=\"more-link\"><span class=\"morelink-icon\">Weiterlesen<\/span><\/a><\/p>\n","protected":false},"author":7,"featured_media":0,"comment_status":"closed","ping_status":"closed","sticky":false,"template":"","format":"standard","meta":{"footnotes":""},"categories":[1,47,30,5,17],"tags":[],"class_list":["post-8962","post","type-post","status-publish","format-standard","hentry","category-allgemein","category-ausbilderinnen","category-fachnetzwerk","category-lehrer","category-veranstaltungen"],"_links":{"self":[{"href":"https:\/\/cives-school.de\/index.php?rest_route=\/wp\/v2\/posts\/8962","targetHints":{"allow":["GET"]}}],"collection":[{"href":"https:\/\/cives-school.de\/index.php?rest_route=\/wp\/v2\/posts"}],"about":[{"href":"https:\/\/cives-school.de\/index.php?rest_route=\/wp\/v2\/types\/post"}],"author":[{"embeddable":true,"href":"https:\/\/cives-school.de\/index.php?rest_route=\/wp\/v2\/users\/7"}],"replies":[{"embeddable":true,"href":"https:\/\/cives-school.de\/index.php?rest_route=%2Fwp%2Fv2%2Fcomments&post=8962"}],"version-history":[{"count":10,"href":"https:\/\/cives-school.de\/index.php?rest_route=\/wp\/v2\/posts\/8962\/revisions"}],"predecessor-version":[{"id":8974,"href":"https:\/\/cives-school.de\/index.php?rest_route=\/wp\/v2\/posts\/8962\/revisions\/8974"}],"wp:attachment":[{"href":"https:\/\/cives-school.de\/index.php?rest_route=%2Fwp%2Fv2%2Fmedia&parent=8962"}],"wp:term":[{"taxonomy":"category","embeddable":true,"href":"https:\/\/cives-school.de\/index.php?rest_route=%2Fwp%2Fv2%2Fcategories&post=8962"},{"taxonomy":"post_tag","embeddable":true,"href":"https:\/\/cives-school.de\/index.php?rest_route=%2Fwp%2Fv2%2Ftags&post=8962"}],"curies":[{"name":"wp","href":"https:\/\/api.w.org\/{rel}","templated":true}]}}