{"id":8952,"date":"2023-09-01T13:38:00","date_gmt":"2023-09-01T11:38:00","guid":{"rendered":"https:\/\/cives-school.de\/?p=8952"},"modified":"2024-01-21T13:43:31","modified_gmt":"2024-01-21T11:43:31","slug":"earli-tagung-2023-in-thessaloniki","status":"publish","type":"post","link":"https:\/\/cives-school.de\/?p=8952","title":{"rendered":"EARLI-Tagung 2023 in Thessaloniki"},"content":{"rendered":"\n<h3 class=\"wp-block-heading\">Sabine Manzel und Frederik Heyen pr\u00e4sentieren neue Befunde der SoWi-Fachdidaktik vor internationaler Forschungsgemeinschaft<\/h3>\n\n\n\n<figure class=\"wp-block-image size-large is-resized\"><a href=\"https:\/\/earli2023.gr\/\" target=\"_blank\" rel=\"noreferrer noopener\"><img loading=\"lazy\" decoding=\"async\" width=\"1024\" height=\"254\" src=\"https:\/\/cives-school.de\/wp-content\/uploads\/2024\/01\/earli2023_sitebanner_jan2023-21-1024x254.jpg\" alt=\"\" class=\"wp-image-8954\" style=\"width:701px;height:auto\" srcset=\"https:\/\/cives-school.de\/wp-content\/uploads\/2024\/01\/earli2023_sitebanner_jan2023-21-1024x254.jpg 1024w, https:\/\/cives-school.de\/wp-content\/uploads\/2024\/01\/earli2023_sitebanner_jan2023-21-300x74.jpg 300w, https:\/\/cives-school.de\/wp-content\/uploads\/2024\/01\/earli2023_sitebanner_jan2023-21-768x190.jpg 768w, https:\/\/cives-school.de\/wp-content\/uploads\/2024\/01\/earli2023_sitebanner_jan2023-21-1536x381.jpg 1536w, https:\/\/cives-school.de\/wp-content\/uploads\/2024\/01\/earli2023_sitebanner_jan2023-21-250x62.jpg 250w, https:\/\/cives-school.de\/wp-content\/uploads\/2024\/01\/earli2023_sitebanner_jan2023-21.jpg 1920w\" sizes=\"auto, (max-width: 1024px) 100vw, 1024px\" \/><\/a><\/figure>\n\n\n\n<p><\/p>\n\n\n\n<p>Seit 1985 tagt die <em><strong>European Association for Research on Learning and Instruction<\/strong><\/em> (<a href=\"https:\/\/www.earli.org\/events\/EARLI2023#section-theme\">EARLI<\/a>) alle zwei Jahre, um l\u00e4nder\u00fcbergreifende Erkenntnisse zu Lehre und Unterrichtspraxis auszutauschen. Die diesj\u00e4hrige Biennale wurde vom 22. bis 26.08.2023 von der Aristoteles Universit\u00e4t Thessaloniki und der Universit\u00e4t von Mazedonien (GR) ausgerichtet und stand unter dem Motto <em><a href=\"https:\/\/earli2023.gr\/\" target=\"_blank\" rel=\"noreferrer noopener\">\u201eEducation as a hope in uncertain times\u201c<\/a><\/em>.<\/p>\n\n\n\n<p>Im Titel dr\u00fcckt sich die Herausforderung aus, vor der internationale Bildungsforscherinnen stehen: Die zunehmende Komplexit\u00e4t von Bildungsprozessen in Zeiten des globalen Wandels und der Ungewissheit zu entschl\u00fcsseln und Bildungspolitikerinnen evidenzbasierte Verfahren und Reformen vorzustellen. <strong>Evidenzbasiertes Wissen kann der Ungewissheit, mit der sich P\u00e4dagoginnen, Sch\u00fclerinnen und Familien derzeit konfrontiert sehen, entgegenwirken und zu L\u00f6sungen beitragen. <\/strong>Die EARLI 2023 sieht in Schulen das Potenzial und die Hoffnung, eine treibende Kraft f\u00fcr positive Ver\u00e4nderungen in der Gesellschaft zu sein.<\/p>\n\n\n<div class=\"wp-block-image\">\n<figure class=\"alignleft size-full is-resized\"><a href=\"https:\/\/cives-school.de\/wp-content\/uploads\/2024\/01\/2023-07-24_Heyen_EARLI-Poster_final.pdf\" target=\"_blank\" rel=\"noreferrer noopener\"><img loading=\"lazy\" decoding=\"async\" width=\"441\" height=\"623\" src=\"https:\/\/cives-school.de\/wp-content\/uploads\/2024\/01\/2023-07-24_Heyen_UDE_EARLI-Poster.jpg\" alt=\"\" class=\"wp-image-8955\" style=\"width:298px;height:auto\" srcset=\"https:\/\/cives-school.de\/wp-content\/uploads\/2024\/01\/2023-07-24_Heyen_UDE_EARLI-Poster.jpg 441w, https:\/\/cives-school.de\/wp-content\/uploads\/2024\/01\/2023-07-24_Heyen_UDE_EARLI-Poster-212x300.jpg 212w, https:\/\/cives-school.de\/wp-content\/uploads\/2024\/01\/2023-07-24_Heyen_UDE_EARLI-Poster-250x353.jpg 250w\" sizes=\"auto, (max-width: 441px) 100vw, 441px\" \/><\/a><\/figure>\n<\/div>\n\n\n<p><a href=\"https:\/\/www.uni-due.de\/politik\/manzel.php\" target=\"_blank\" rel=\"noreferrer noopener\">Prof. Dr. Sabine Manzel<\/a> und <a href=\"https:\/\/www.uni-due.de\/politik\/heyen.php\" target=\"_blank\" rel=\"noreferrer noopener\">Frederik Heyen, M.Ed.<\/a> pr\u00e4sentierten in Thessaloniki <a href=\"https:\/\/cives-school.de\/?p=8606\" target=\"_blank\" rel=\"noreferrer noopener\">das erste validierte Testinstrument zur Messung des Professionswissens von SoWi-Lehramtsstudierenden<\/a>, welches einen Beitrag zur Qualit\u00e4tssicherung und -weiterentwicklung der lehramtsbildenden Studieng\u00e4nge SoWi an der UDE leistet.<\/p>\n\n\n\n<p>Im Workshop <strong><em>\u201cICT-Demonstration: Animated videos in social science didactics for pre-service teacher education\u201c<\/em> <\/strong>bearbeiteten Teilnehmende zusammen ein exemplarisches Animationsvideo und lernten, wie <a href=\"https:\/\/cives-school.de\/?p=7660\" target=\"_blank\" rel=\"noreferrer noopener\">Animationsvideos in der universit\u00e4ren Lehrkr\u00e4ftebildung<\/a> zur F\u00f6rderung professioneller Handlungskompetenz von Politiklehrkr\u00e4ften in NRW eingesetzt werden (vgl. auch ausf\u00fchrlich den hierzu erschienenen <a href=\"https:\/\/cives-school.de\/?p=8915\" target=\"_blank\" rel=\"noreferrer noopener\"><strong>Sammelband<\/strong><\/a> (OpenAccess)).<\/p>\n\n\n<div class=\"wp-block-image\">\n<figure class=\"aligncenter size-full is-resized\"><a href=\"https:\/\/cives-school.de\/wp-content\/uploads\/2024\/01\/K1024_2023-09-15_EARLI_SMFH_unzensiert.jpg\"><img loading=\"lazy\" decoding=\"async\" width=\"1024\" height=\"768\" src=\"https:\/\/cives-school.de\/wp-content\/uploads\/2024\/01\/K1024_2023-09-15_EARLI_SMFH_unzensiert.jpg\" alt=\"\" class=\"wp-image-8957\" style=\"width:384px;height:auto\" srcset=\"https:\/\/cives-school.de\/wp-content\/uploads\/2024\/01\/K1024_2023-09-15_EARLI_SMFH_unzensiert.jpg 1024w, https:\/\/cives-school.de\/wp-content\/uploads\/2024\/01\/K1024_2023-09-15_EARLI_SMFH_unzensiert-300x225.jpg 300w, https:\/\/cives-school.de\/wp-content\/uploads\/2024\/01\/K1024_2023-09-15_EARLI_SMFH_unzensiert-768x576.jpg 768w, https:\/\/cives-school.de\/wp-content\/uploads\/2024\/01\/K1024_2023-09-15_EARLI_SMFH_unzensiert-250x188.jpg 250w\" sizes=\"auto, (max-width: 1024px) 100vw, 1024px\" \/><\/a><\/figure>\n<\/div>","protected":false},"excerpt":{"rendered":"<p>Sabine Manzel und Frederik Heyen pr\u00e4sentieren neue Befunde der SoWi-Fachdidaktik vor internationaler Forschungsgemeinschaft Seit 1985 tagt die European Association for Research on Learning and Instruction (EARLI) alle zwei Jahre, um l\u00e4nder\u00fcbergreifende Erkenntnisse zu Lehre und Unterrichtspraxis auszutauschen. Die diesj\u00e4hrige Biennale wurde vom 22. bis 26.08.2023 von &hellip; <\/p>\n<p><a href=\"https:\/\/cives-school.de\/?p=8952\" class=\"more-link\"><span class=\"morelink-icon\">Weiterlesen<\/span><\/a><\/p>\n","protected":false},"author":7,"featured_media":0,"comment_status":"closed","ping_status":"closed","sticky":false,"template":"","format":"standard","meta":{"footnotes":""},"categories":[1,19],"tags":[],"class_list":["post-8952","post","type-post","status-publish","format-standard","hentry","category-allgemein","category-forschung"],"_links":{"self":[{"href":"https:\/\/cives-school.de\/index.php?rest_route=\/wp\/v2\/posts\/8952","targetHints":{"allow":["GET"]}}],"collection":[{"href":"https:\/\/cives-school.de\/index.php?rest_route=\/wp\/v2\/posts"}],"about":[{"href":"https:\/\/cives-school.de\/index.php?rest_route=\/wp\/v2\/types\/post"}],"author":[{"embeddable":true,"href":"https:\/\/cives-school.de\/index.php?rest_route=\/wp\/v2\/users\/7"}],"replies":[{"embeddable":true,"href":"https:\/\/cives-school.de\/index.php?rest_route=%2Fwp%2Fv2%2Fcomments&post=8952"}],"version-history":[{"count":4,"href":"https:\/\/cives-school.de\/index.php?rest_route=\/wp\/v2\/posts\/8952\/revisions"}],"predecessor-version":[{"id":8961,"href":"https:\/\/cives-school.de\/index.php?rest_route=\/wp\/v2\/posts\/8952\/revisions\/8961"}],"wp:attachment":[{"href":"https:\/\/cives-school.de\/index.php?rest_route=%2Fwp%2Fv2%2Fmedia&parent=8952"}],"wp:term":[{"taxonomy":"category","embeddable":true,"href":"https:\/\/cives-school.de\/index.php?rest_route=%2Fwp%2Fv2%2Fcategories&post=8952"},{"taxonomy":"post_tag","embeddable":true,"href":"https:\/\/cives-school.de\/index.php?rest_route=%2Fwp%2Fv2%2Ftags&post=8952"}],"curies":[{"name":"wp","href":"https:\/\/api.w.org\/{rel}","templated":true}]}}