{"id":8926,"date":"2024-01-11T18:54:55","date_gmt":"2024-01-11T16:54:55","guid":{"rendered":"https:\/\/cives-school.de\/?p=8926"},"modified":"2024-01-22T11:41:23","modified_gmt":"2024-01-22T09:41:23","slug":"philosophie-politikwissenschaft-soziooekonomie-studieren","status":"publish","type":"post","link":"https:\/\/cives-school.de\/?p=8926","title":{"rendered":"Philosophie, Politikwissenschaft &#038; Sozio\u00f6konomie studieren"},"content":{"rendered":"\n<h3 class=\"wp-block-heading\"><strong>Neuer interdisziplin\u00e4rer Studiengang ab Wintersemester 2024\/25<\/strong><\/h3>\n\n\n<div class=\"wp-block-image\">\n<figure class=\"alignright size-large is-resized\"><a href=\"https:\/\/www.uni-due.de\/ppe\/\" target=\"_blank\" rel=\"noreferrer noopener\"><img loading=\"lazy\" decoding=\"async\" width=\"1024\" height=\"436\" src=\"https:\/\/cives-school.de\/wp-content\/uploads\/2024\/01\/UDE_PPE_logo_klein-1024x436.png\" alt=\"\" class=\"wp-image-8927\" style=\"width:262px;height:auto\" srcset=\"https:\/\/cives-school.de\/wp-content\/uploads\/2024\/01\/UDE_PPE_logo_klein-1024x436.png 1024w, https:\/\/cives-school.de\/wp-content\/uploads\/2024\/01\/UDE_PPE_logo_klein-300x128.png 300w, https:\/\/cives-school.de\/wp-content\/uploads\/2024\/01\/UDE_PPE_logo_klein-768x327.png 768w, https:\/\/cives-school.de\/wp-content\/uploads\/2024\/01\/UDE_PPE_logo_klein-250x106.png 250w, https:\/\/cives-school.de\/wp-content\/uploads\/2024\/01\/UDE_PPE_logo_klein.png 1200w\" sizes=\"auto, (max-width: 1024px) 100vw, 1024px\" \/><\/a><\/figure>\n<\/div>\n\n\n<p>An der Universit\u00e4t Duisburg-Essen gibt es einen neuen Bachelor-Studiengang, der zum Wintersemester 2024\/25 erstmals Studierende aufnimmt: <strong><a href=\"https:\/\/www.uni-due.de\/ppe\/\" target=\"_blank\" rel=\"noreferrer noopener\">Der interdisziplin\u00e4re Studiengang Philosophie, Politikwissenschaft &amp; Sozio\u00f6konomie<\/a><\/strong>, abgek\u00fcrzt im Englischen PPE (von Philosophy, Politics &amp; Economics) soll Studierende dazu bef\u00e4higen, aktuelle und zuk\u00fcnftige Problemstellungen aus philosophischer, politikwissenschaftlicher und \u00f6konomischer Perspektive zu analysieren und zu bewerten.<\/p>\n\n\n<div class=\"wp-block-image\">\n<figure class=\"alignleft size-full is-resized\"><a href=\"https:\/\/www.freepik.com\/free-photo\/high-view-polygonal-pushpin-map_7726697.htm#query=interdisciplinary&amp;position=6&amp;from_view=search&amp;track=ais&amp;uuid=f08f5a08-7659-4cde-bc3b-34e76e5ebac3#position=6&amp;query=interdisciplinary\" target=\"_blank\" rel=\"noreferrer noopener\"><img loading=\"lazy\" decoding=\"async\" width=\"768\" height=\"768\" src=\"https:\/\/cives-school.de\/wp-content\/uploads\/2024\/01\/K1024_high-view-polygonal-pushpin-map.jpg\" alt=\"\" class=\"wp-image-8944\" style=\"width:234px;height:auto\" srcset=\"https:\/\/cives-school.de\/wp-content\/uploads\/2024\/01\/K1024_high-view-polygonal-pushpin-map.jpg 768w, https:\/\/cives-school.de\/wp-content\/uploads\/2024\/01\/K1024_high-view-polygonal-pushpin-map-300x300.jpg 300w, https:\/\/cives-school.de\/wp-content\/uploads\/2024\/01\/K1024_high-view-polygonal-pushpin-map-150x150.jpg 150w, https:\/\/cives-school.de\/wp-content\/uploads\/2024\/01\/K1024_high-view-polygonal-pushpin-map-250x250.jpg 250w\" sizes=\"auto, (max-width: 768px) 100vw, 768px\" \/><\/a><figcaption class=\"wp-element-caption\"><sub><em>Image by <a href=\"https:\/\/www.freepik.com\/free-photo\/high-view-polygonal-pushpin-map_7726697.htm#query=interdisciplinary&amp;position=6&amp;from_view=search&amp;track=ais&amp;uuid=f08f5a08-7659-4cde-bc3b-34e76e5ebac3#position=6&amp;query=interdisciplinary\" target=\"_blank\" rel=\"noreferrer noopener\">Freepik<\/a><\/em><\/sub><\/figcaption><\/figure>\n<\/div>\n\n\n<p>Ob Klimakrise, internationale Konflikte, Ungleichheit, Migration oder k\u00fcnstliche Intelligenz: Wer die Herausforderungen unserer Gegenwart verstehen, gute Antworten entwickeln, die Zukunft gestalten und die Entscheidungen von morgen treffen m\u00f6chte, braucht mehr als nur eine Perspektive. Denn <strong>die Herausforderungen der Gegenwart interessieren sich nicht f\u00fcr die Grenzen unserer F\u00e4cher<\/strong>.<\/p>\n\n\n\n<p>Der neue PPE-Studiengang vereint die <strong>Expertise aus drei Instituten (Philosophie, Politikwissenschaft und Sozio\u00f6konomie)<\/strong> an den zwei Campus-Standorten in Duisburg und Essen. Der Studiengang ist ein sechssemestriger Studiengang mit starken internationalen Komponenten. Unterrichtssprachen sind Deutsch und Englisch. Zum Wintersemester 2024\/25 werden erstmals 30 Studierende den Studiengang beginnen.<\/p>\n\n\n\n<p>Studierende profitieren vom Standort Duisburg-Essen besonders durch:<\/p>\n\n\n\n<p>&#x2714; die Gr\u00f6\u00dfe des Lehrangebots,<br>&#x2714; internationale Orientierung in Forschung und Lehre,<br>&#x2714; Vor-Ort-Erfahrung mit Diversit\u00e4t im Ruhrgebiet,<br>&#x2714; bezahlbaren Wohnraum<br>&#x2714; und ein spannendes Umfeld in der Metropolregion Rhein-Ruhr<\/p>\n\n\n\n<p>Hier finden Sie <a href=\"https:\/\/www.uni-due.de\/ppe\/\" target=\"_blank\" rel=\"noreferrer noopener\">weiterf\u00fchrende Informationen<\/a> zum neuen PPE-Studiengang.<\/p>\n\n\n\n<p><\/p>\n\n\n\n<h3 class=\"wp-block-heading\">Info-Veranstaltung &amp; Ansprechperson<\/h3>\n\n\n<div class=\"wp-block-image\">\n<figure class=\"alignleft size-full is-resized\"><a href=\"https:\/\/www.uni-due.de\/abz\/studieninteressierte\/wochen_der_studienorientierung.php\" target=\"_blank\" rel=\"noreferrer noopener\"><img loading=\"lazy\" decoding=\"async\" width=\"394\" height=\"557\" src=\"https:\/\/cives-school.de\/wp-content\/uploads\/2024\/01\/UDE_2024_ABZ-Wochen-der-Studienorientierung.jpg\" alt=\"\" class=\"wp-image-8929\" style=\"width:222px;height:auto\" srcset=\"https:\/\/cives-school.de\/wp-content\/uploads\/2024\/01\/UDE_2024_ABZ-Wochen-der-Studienorientierung.jpg 394w, https:\/\/cives-school.de\/wp-content\/uploads\/2024\/01\/UDE_2024_ABZ-Wochen-der-Studienorientierung-212x300.jpg 212w, https:\/\/cives-school.de\/wp-content\/uploads\/2024\/01\/UDE_2024_ABZ-Wochen-der-Studienorientierung-250x353.jpg 250w\" sizes=\"auto, (max-width: 394px) 100vw, 394px\" \/><\/a><\/figure>\n<\/div>\n\n\n<p>Die erste virtuelle Info-Veranstaltung findet im Rahmen der <strong><a href=\"https:\/\/www.uni-due.de\/abz\/studieninteressierte\/wochen_der_studienorientierung.php\" target=\"_blank\" rel=\"noreferrer noopener\">Wochen der Studienorientierung<\/a><\/strong> am <strong>25.01.2024<\/strong> statt. Die Teilnahme ist nach vorheriger <a href=\"https:\/\/www.uni-due.de\/abz\/studieninteressierte\/digitale_vortraege_anmeldung.php?ID=88&amp;tabelle=digitale_vortraege&amp;vortrag=Philosophie%20%E2%80%93%20Politikwissenschaft%20%E2%80%93%20Sozio%C3%B6konomie%20(PPE)&amp;datum=2024-01-25\" target=\"_blank\" rel=\"noreferrer noopener\">Anmeldung<\/a> m\u00f6glich.<\/p>\n\n\n\n<p>Dar\u00fcber hinaus besteht die M\u00f6glichkeit zu Vor-Ort-Besuchen. Bei Fragen rund um den Studiengang wenden Sie sich gerne an <a href=\"https:\/\/www.uni-due.de\/politik\/ziller.php\" target=\"_blank\" rel=\"noreferrer noopener\">PD Dr. Conrad Ziller<\/a> per E-Mail unter <a href=\"mailto:ppe@uni-due.de\">ppe@uni-due.de<\/a>.<\/p>\n\n\n\n<p><\/p>\n\n\n\n<p><\/p>\n\n\n\n<p><strong><em>PPE-Initiativkreis<\/em><\/strong><br>Prof. Dr. Achim Goerres, Politikwissenschaft (Sprecher)<br>Prof. Dr. Andreas Niederberger, Philosophie<br>Prof. Dr. Till van Treeck, Sozio\u00f6konomie<\/p>\n","protected":false},"excerpt":{"rendered":"<p>Neuer interdisziplin\u00e4rer Studiengang ab Wintersemester 2024\/25 An der Universit\u00e4t Duisburg-Essen gibt es einen neuen Bachelor-Studiengang, der zum Wintersemester 2024\/25 erstmals Studierende aufnimmt: Der interdisziplin\u00e4re Studiengang Philosophie, Politikwissenschaft &amp; Sozio\u00f6konomie, abgek\u00fcrzt im Englischen PPE (von Philosophy, Politics &amp; Economics) soll Studierende dazu bef\u00e4higen, aktuelle und zuk\u00fcnftige Problemstellungen &hellip; <\/p>\n<p><a href=\"https:\/\/cives-school.de\/?p=8926\" class=\"more-link\"><span class=\"morelink-icon\">Weiterlesen<\/span><\/a><\/p>\n","protected":false},"author":7,"featured_media":0,"comment_status":"closed","ping_status":"closed","sticky":false,"template":"","format":"standard","meta":{"footnotes":""},"categories":[1,47,5,17],"tags":[],"class_list":["post-8926","post","type-post","status-publish","format-standard","hentry","category-allgemein","category-ausbilderinnen","category-lehrer","category-veranstaltungen"],"_links":{"self":[{"href":"https:\/\/cives-school.de\/index.php?rest_route=\/wp\/v2\/posts\/8926","targetHints":{"allow":["GET"]}}],"collection":[{"href":"https:\/\/cives-school.de\/index.php?rest_route=\/wp\/v2\/posts"}],"about":[{"href":"https:\/\/cives-school.de\/index.php?rest_route=\/wp\/v2\/types\/post"}],"author":[{"embeddable":true,"href":"https:\/\/cives-school.de\/index.php?rest_route=\/wp\/v2\/users\/7"}],"replies":[{"embeddable":true,"href":"https:\/\/cives-school.de\/index.php?rest_route=%2Fwp%2Fv2%2Fcomments&post=8926"}],"version-history":[{"count":20,"href":"https:\/\/cives-school.de\/index.php?rest_route=\/wp\/v2\/posts\/8926\/revisions"}],"predecessor-version":[{"id":8950,"href":"https:\/\/cives-school.de\/index.php?rest_route=\/wp\/v2\/posts\/8926\/revisions\/8950"}],"wp:attachment":[{"href":"https:\/\/cives-school.de\/index.php?rest_route=%2Fwp%2Fv2%2Fmedia&parent=8926"}],"wp:term":[{"taxonomy":"category","embeddable":true,"href":"https:\/\/cives-school.de\/index.php?rest_route=%2Fwp%2Fv2%2Fcategories&post=8926"},{"taxonomy":"post_tag","embeddable":true,"href":"https:\/\/cives-school.de\/index.php?rest_route=%2Fwp%2Fv2%2Ftags&post=8926"}],"curies":[{"name":"wp","href":"https:\/\/api.w.org\/{rel}","templated":true}]}}