{"id":8669,"date":"2023-05-04T16:48:00","date_gmt":"2023-05-04T14:48:00","guid":{"rendered":"https:\/\/cives-school.de\/?p=8669"},"modified":"2023-05-24T20:18:53","modified_gmt":"2023-05-24T18:18:53","slug":"bundestagspraesidentin-imcives-interview","status":"publish","type":"post","link":"https:\/\/cives-school.de\/?p=8669","title":{"rendered":"Bundestagspr\u00e4sidentin im<br>CIVES-Interview"},"content":{"rendered":"\n<h3 class=\"wp-block-heading\">\u00dcber Praktika und sozialwissenschaftliche Bildung<\/h3>\n\n\n\n<p>Praktische Arbeitserfahrungen sind f\u00fcr die eigene Berufsorientierung und -motivation essentiell. Dies gilt auch f\u00fcr den Lehrerberuf, weshalb die Ausbildung bereits im Studium Praxisphasen beinhaltet.<\/p>\n\n\n\n<p>Lehramtsabsolventin Anna Pietsch hat vor und w\u00e4hrend ihres Studiums verschiedene Nebenjobs und Praktika absolviert und war u.a. f\u00fcr die Duisburger Politikerin B\u00e4rbel Bas t\u00e4tig.<\/p>\n\n\n\n<p>W\u00e4hrend des <a href=\"https:\/\/www.pse.rub.de\/rub-teachers-day\/\" target=\"_blank\" rel=\"noreferrer noopener\">Teachers\u2018 Day 2022<\/a> in Bochum <strong>hat Anna die Bundestagspr\u00e4sidentin f\u00fcr <em>CIVES <\/em>interviewt<\/strong> und erf\u00e4hrt, dass diese nicht nur kontinuierlich Praktikumspl\u00e4tze in ihrem Wahlkreisb\u00fcro anbietet, sondern selbst auch Praktika absolviert, und damit ein kraftvolles Beispiel f\u00fcr lebenslanges Lernen, Berufsmotivation und Perspektiven\u00fcbernahme ist.&nbsp;<\/p>\n\n\n\n<figure class=\"wp-block-image size-large\"><a href=\"https:\/\/www.youtube.com\/watch?v=zV3gsxUI6Os\" target=\"_blank\" rel=\"noopener\"><img loading=\"lazy\" decoding=\"async\" width=\"1024\" height=\"575\" src=\"https:\/\/cives-school.de\/wp-content\/uploads\/2023\/05\/still_bas-interview-1024x575.jpg\" alt=\"Foto von Bundestagspr\u00e4sidentin B\u00e4rbel Bas und SoWi-Lehramtsstudentin Anna Pietsch in CIVES-Interviewsituation mit Mikrofon\" class=\"wp-image-8670\" srcset=\"https:\/\/cives-school.de\/wp-content\/uploads\/2023\/05\/still_bas-interview-1024x575.jpg 1024w, https:\/\/cives-school.de\/wp-content\/uploads\/2023\/05\/still_bas-interview-300x168.jpg 300w, https:\/\/cives-school.de\/wp-content\/uploads\/2023\/05\/still_bas-interview-768x431.jpg 768w, https:\/\/cives-school.de\/wp-content\/uploads\/2023\/05\/still_bas-interview-250x140.jpg 250w, https:\/\/cives-school.de\/wp-content\/uploads\/2023\/05\/still_bas-interview.jpg 1309w\" sizes=\"auto, (max-width: 1024px) 100vw, 1024px\" \/><\/a><\/figure>\n\n\n\n<p>In ihrem Amt als Bundestagspr\u00e4sidentin betont B\u00e4rbel Bas immer wieder die <strong>Bedeutung politischer Bildung f\u00fcr die demokratische Gesellschaft<\/strong>. Ob bspw. mit einem Beitrag in der <a href=\"https:\/\/www.wochenschau-verlag.de\/Politik-der-politischen-Bildung\/po2-22\" target=\"_blank\" rel=\"noreferrer noopener\">POLIS<\/a>, in einem <a href=\"https:\/\/www.zdf.de\/nachrichten\/zdf-morgenmagazin\/bas-brauchen-erinnerungskultur-wannseekonferenz-holocaust-100.html\" target=\"_blank\" rel=\"noreferrer noopener\">Interview zur Erinnerungsarbeit<\/a> oder j\u00fcngst als <a href=\"https:\/\/www.dbjr.de\/artikel\/bundestagspraesidentin-bas-wird-schirmfrau-der-u18-wahl\" target=\"_blank\" rel=\"noreferrer noopener\">Schirmfrau der U18-Wahl<\/a>. Auch beim Teachers\u2018 Day 2022 formulierte sie den Bedarf an mehr sozialwissenschaftlicher Bildung angesichts von Antisemitismus, Rassismus und Populismus.&nbsp;<\/p>\n\n\n\n<p>Sehen Sie hier das <a href=\"https:\/\/www.youtube.com\/watch?v=zV3gsxUI6Os\" target=\"_blank\" rel=\"noreferrer noopener\"><em>CIVES-Video<\/em><\/a> inkl. Interview mit B\u00e4rbel Bas:<\/p>\n\n\n\n<figure class=\"wp-block-embed is-type-video is-provider-youtube wp-block-embed-youtube wp-embed-aspect-16-9 wp-has-aspect-ratio\"><div class=\"wp-block-embed__wrapper\">\n<iframe loading=\"lazy\" title=\"Professionalisierung angehender SoWi-Lehrkr\u00e4fte durch Berufs- und Praktikumserfahrungen\" width=\"960\" height=\"540\" src=\"https:\/\/www.youtube.com\/embed\/zV3gsxUI6Os?feature=oembed\" frameborder=\"0\" allow=\"accelerometer; autoplay; clipboard-write; encrypted-media; gyroscope; picture-in-picture; web-share\" allowfullscreen><\/iframe>\n<\/div><\/figure>\n\n\n\n<p><\/p>\n\n\n\n<p>Ansprechpartnerin f\u00fcr die <a rel=\"noreferrer noopener\" href=\"https:\/\/cives-school.de\/?page_id=8176\" target=\"_blank\">au\u00dferschulischen Berufsfeldpraktika<\/a> im SoWi-Lehramtsstudium an der Universit\u00e4t Duisburg-Essen ist die Modulverantwortliche <a href=\"https:\/\/cives-school.de\/?page_id=146\" target=\"_blank\" rel=\"noreferrer noopener\">Laura M\u00f6llers, M.A.<\/a><\/p>\n","protected":false},"excerpt":{"rendered":"<p>\u00dcber Praktika und sozialwissenschaftliche Bildung Praktische Arbeitserfahrungen sind f\u00fcr die eigene Berufsorientierung und -motivation essentiell. Dies gilt auch f\u00fcr den Lehrerberuf, weshalb die Ausbildung bereits im Studium Praxisphasen beinhaltet. Lehramtsabsolventin Anna Pietsch hat vor und w\u00e4hrend ihres Studiums verschiedene Nebenjobs und Praktika absolviert und war u.a. &hellip; <\/p>\n<p><a href=\"https:\/\/cives-school.de\/?p=8669\" class=\"more-link\"><span class=\"morelink-icon\">Weiterlesen<\/span><\/a><\/p>\n","protected":false},"author":7,"featured_media":0,"comment_status":"closed","ping_status":"closed","sticky":false,"template":"","format":"standard","meta":{"footnotes":""},"categories":[1,45,15,4,17],"tags":[],"class_list":["post-8669","post","type-post","status-publish","format-standard","hentry","category-allgemein","category-ausserschulische-pb","category-cives","category-studierende","category-veranstaltungen"],"_links":{"self":[{"href":"https:\/\/cives-school.de\/index.php?rest_route=\/wp\/v2\/posts\/8669","targetHints":{"allow":["GET"]}}],"collection":[{"href":"https:\/\/cives-school.de\/index.php?rest_route=\/wp\/v2\/posts"}],"about":[{"href":"https:\/\/cives-school.de\/index.php?rest_route=\/wp\/v2\/types\/post"}],"author":[{"embeddable":true,"href":"https:\/\/cives-school.de\/index.php?rest_route=\/wp\/v2\/users\/7"}],"replies":[{"embeddable":true,"href":"https:\/\/cives-school.de\/index.php?rest_route=%2Fwp%2Fv2%2Fcomments&post=8669"}],"version-history":[{"count":4,"href":"https:\/\/cives-school.de\/index.php?rest_route=\/wp\/v2\/posts\/8669\/revisions"}],"predecessor-version":[{"id":8807,"href":"https:\/\/cives-school.de\/index.php?rest_route=\/wp\/v2\/posts\/8669\/revisions\/8807"}],"wp:attachment":[{"href":"https:\/\/cives-school.de\/index.php?rest_route=%2Fwp%2Fv2%2Fmedia&parent=8669"}],"wp:term":[{"taxonomy":"category","embeddable":true,"href":"https:\/\/cives-school.de\/index.php?rest_route=%2Fwp%2Fv2%2Fcategories&post=8669"},{"taxonomy":"post_tag","embeddable":true,"href":"https:\/\/cives-school.de\/index.php?rest_route=%2Fwp%2Fv2%2Ftags&post=8669"}],"curies":[{"name":"wp","href":"https:\/\/api.w.org\/{rel}","templated":true}]}}