{"id":8621,"date":"2023-04-06T15:41:00","date_gmt":"2023-04-06T13:41:00","guid":{"rendered":"https:\/\/cives-school.de\/?p=8621"},"modified":"2023-05-24T20:06:50","modified_gmt":"2023-05-24T18:06:50","slug":"neuer-studiengang-wirtschaft-politik-mit-lehramtsoption-sonderpaedagogik","status":"publish","type":"post","link":"https:\/\/cives-school.de\/?p=8621","title":{"rendered":"Neuer Studiengang:<br>Wirtschaft-Politik mit<br> Lehramtsoption Sonderp\u00e4dagogik"},"content":{"rendered":"\n<p>Seit dem Wintersemester 2022\/23 bieten wir die Studieng\u00e4nge Bachelor und Master of Education im Fach <strong>Wirtschaft-Politik mit der Lehramtsoption Sonderp\u00e4dagogische F\u00f6rderung<\/strong> f\u00fcr die Schulformen Haupt-, Real-, Sekundar- und Gesamtschulen (HRSGe) an.<\/p>\n\n\n\n<p>Wer nicht nur ein Faible f\u00fcr sozialwissenschaftliche Bildungsprozesse hat, sondern diese auch insbesondere inklusiv und partizipativ gestalten und f\u00f6rdern m\u00f6chte, wird nun hierf\u00fcr spezifisch ausgebildet.<\/p>\n\n\n\n<div class=\"wp-block-image\"><figure class=\"alignleft size-large is-resized\"><a href=\"https:\/\/www.uni-due.de\/studienangebote\/studiengang.php?id=203\" target=\"_blank\" rel=\"noopener\"><img loading=\"lazy\" decoding=\"async\" src=\"https:\/\/cives-school.de\/wp-content\/uploads\/2023\/05\/students-hallway-1024x683.jpg\" alt=\"Drei Personen von hinten in einem lichtdurchfluteten Geb\u00e4udegang, die Person in der Mitte wirkt wie eine Lehrperson, die Frau zur Linken sowie der Mann zur Rechten wirken durch ihre Rucks\u00e4cke wie zwei Studierende\" class=\"wp-image-8625\" width=\"339\" height=\"226\"\/><\/a><figcaption><sup><em>Image by <a rel=\"noreferrer noopener\" href=\"https:\/\/www.freepik.com\/free-photo\/students-hallway_1379058.htm#query=studiengang&amp;position=6&amp;from_view=search&amp;track=robertav1_2_sidr\" target=\"_blank\">Freepik<\/a><\/em><\/sup><\/figcaption><\/figure><\/div>\n\n\n\n<p>Studierende erwerben im Rahmen dieser Lehramtsoption Wissen zu entwicklungspsychologischen Grundlagen mit Bezug zum Kindes- und Jugendalter sowie linguistische und sprachpathologische Kenntnisse. Es werden im Studium Methoden der Rehabilitationsp\u00e4dagogik und -soziologie sowie der Heilp\u00e4dagogik vermittelt und Konzeptionen der Gesundheits- und Entwicklungsf\u00f6rderung sowie Pr\u00e4ventionsma\u00dfnahmen im sonderp\u00e4dagogischen Kontext gelehrt.<\/p>\n\n\n\n<div class=\"wp-block-image\"><figure class=\"alignright size-full is-resized\"><a href=\"https:\/\/www.uni-due.de\/studienangebote\/studiengang.php?id=203\" target=\"_blank\" rel=\"noopener\"><img loading=\"lazy\" decoding=\"async\" src=\"https:\/\/cives-school.de\/wp-content\/uploads\/2023\/05\/SoPaed_Studienverlauf.png\" alt=\"\" class=\"wp-image-8626\" width=\"261\" height=\"339\" srcset=\"https:\/\/cives-school.de\/wp-content\/uploads\/2023\/05\/SoPaed_Studienverlauf.png 583w, https:\/\/cives-school.de\/wp-content\/uploads\/2023\/05\/SoPaed_Studienverlauf-231x300.png 231w, https:\/\/cives-school.de\/wp-content\/uploads\/2023\/05\/SoPaed_Studienverlauf-250x324.png 250w\" sizes=\"auto, (max-width: 261px) 100vw, 261px\" \/><\/a><\/figure><\/div>\n\n\n\n<p>Das Bachelorstudium umfasst <strong>zwei sonderp\u00e4dagogische Fachrichtungen<\/strong> (\u201eEmotional-Soziale Erziehung\u201c und \u201eSprache\u201c, (zuk\u00fcnftig wird auch der Schwerpunkt \u201eH\u00f6ren\u201c w\u00e4hlbar sein)) sowie <strong>zwei Unterrichtsf\u00e4cher<\/strong>, wovon ein Hauptfach (Mathematik oder Deutsch) verpflichtend ist. Eine gute \u00dcbersicht zum Studienverlaufsplan sowie weiterf\u00fchrende Informationen bietet die <a href=\"https:\/\/www.uni-due.de\/studienangebote\/studiengang.php?id=203\" target=\"_blank\" rel=\"noreferrer noopener\">UDE-Website des Akademischen Beratungszentrums.<\/a><\/p>\n\n\n\n<p>Der B.A.-Abschluss bef\u00e4higt zur Lehrt\u00e4tigkeit in au\u00dferschulischen Bildungseinrichtungen. Mit dem anschlie\u00dfenden Masterstudium (4 Semester) und Abschluss als M.Ed. erwerben die Absolvent*innen die Qualifikation zum Vorbereitungsdienst an F\u00f6rderschulen und anderen Schulformen entsprechend den fachlichen sowie sonderp\u00e4dagogischen Anforderungen.<\/p>\n\n\n\n<p>Die <strong>Einstellungschancen<\/strong> f\u00fcr Lehrkr\u00e4fte f\u00fcr Sonderp\u00e4dagogische F\u00f6rderung sch\u00e4tzt das Ministerium f\u00fcr Schule und Bildung NRW in seinen j\u00fcngsten <a href=\"https:\/\/www.schulministerium.nrw\/system\/files\/media\/document\/file\/lehrerbedarfsprognose_maerz_2023.pdf\" target=\"_blank\" rel=\"noreferrer noopener\">Vorausberechnungen zum Lehrkr\u00e4ftearbeitsmarkt in Nordrhein-Westfalen<\/a> (S. 28ff.) von M\u00e4rz 2023 als \u201ehervorragend bis sehr gut\u201c ein.<\/p>\n\n\n\n<p>Alle Informationen zum Studium Wirtschaft-Politik mit der Lehramtsoption Sonderp\u00e4dagogische F\u00f6rderung an der Universit\u00e4t Duisburg-Essen finden Sie <a href=\"https:\/\/www.uni-due.de\/gesellschaftswissenschaften\/lehramt_studiengaenge.php\" target=\"_blank\" rel=\"noreferrer noopener\">hier. <\/a>&nbsp;<\/p>\n\n\n\n<div class=\"white-box\">\n<h2>Ansprechpartnerin<\/h2>\n<p><a href=\"https:\/\/www.uni-due.de\/politik\/forkarth.php\"><img loading=\"lazy\" decoding=\"async\" class=\"alignleft size-medium wp-image-6642\" src=\"https:\/\/cives-school.de\/wp-content\/uploads\/2023\/05\/K1600_Forkarth-quadrat.jpg\" alt=\"Claudia Forkarth\" width=\"150\" height=\"150\"><\/a><strong><a href=\"https:\/\/www.uni-due.de\/politik\/forkarth.php\" target=\"_blank\" rel=\"noopener noreferrer\">Dr. Claudia Forkarth<\/a><\/strong> ist Studiengangsverantwortliche f\u00fcr den <a href=\"https:\/\/www.uni-due.de\/gesellschaftswissenschaften\/lehramt_studiengaenge.php\" target=\"_blank\" rel=\"noopener noreferrer\">Studiengang Wirtschaft-Politik mit der Lehramtsoption Sonderp\u00e4dagogische F\u00f6rderung<\/a> an der Universit\u00e4t Duisburg-Essen.<p><\/p><\/div>\n","protected":false},"excerpt":{"rendered":"<p>Seit dem Wintersemester 2022\/23 bieten wir die Studieng\u00e4nge Bachelor und Master of Education im Fach Wirtschaft-Politik mit der Lehramtsoption Sonderp\u00e4dagogische F\u00f6rderung f\u00fcr die Schulformen Haupt-, Real-, Sekundar- und Gesamtschulen (HRSGe) an. Wer nicht nur ein Faible f\u00fcr sozialwissenschaftliche Bildungsprozesse hat, sondern diese auch insbesondere inklusiv und &hellip; <\/p>\n<p><a href=\"https:\/\/cives-school.de\/?p=8621\" class=\"more-link\"><span class=\"morelink-icon\">Weiterlesen<\/span><\/a><\/p>\n","protected":false},"author":7,"featured_media":0,"comment_status":"closed","ping_status":"closed","sticky":false,"template":"","format":"standard","meta":{"footnotes":""},"categories":[1,5,4],"tags":[],"class_list":["post-8621","post","type-post","status-publish","format-standard","hentry","category-allgemein","category-lehrer","category-studierende"],"_links":{"self":[{"href":"https:\/\/cives-school.de\/index.php?rest_route=\/wp\/v2\/posts\/8621","targetHints":{"allow":["GET"]}}],"collection":[{"href":"https:\/\/cives-school.de\/index.php?rest_route=\/wp\/v2\/posts"}],"about":[{"href":"https:\/\/cives-school.de\/index.php?rest_route=\/wp\/v2\/types\/post"}],"author":[{"embeddable":true,"href":"https:\/\/cives-school.de\/index.php?rest_route=\/wp\/v2\/users\/7"}],"replies":[{"embeddable":true,"href":"https:\/\/cives-school.de\/index.php?rest_route=%2Fwp%2Fv2%2Fcomments&post=8621"}],"version-history":[{"count":15,"href":"https:\/\/cives-school.de\/index.php?rest_route=\/wp\/v2\/posts\/8621\/revisions"}],"predecessor-version":[{"id":8803,"href":"https:\/\/cives-school.de\/index.php?rest_route=\/wp\/v2\/posts\/8621\/revisions\/8803"}],"wp:attachment":[{"href":"https:\/\/cives-school.de\/index.php?rest_route=%2Fwp%2Fv2%2Fmedia&parent=8621"}],"wp:term":[{"taxonomy":"category","embeddable":true,"href":"https:\/\/cives-school.de\/index.php?rest_route=%2Fwp%2Fv2%2Fcategories&post=8621"},{"taxonomy":"post_tag","embeddable":true,"href":"https:\/\/cives-school.de\/index.php?rest_route=%2Fwp%2Fv2%2Ftags&post=8621"}],"curies":[{"name":"wp","href":"https:\/\/api.w.org\/{rel}","templated":true}]}}