{"id":8522,"date":"2022-10-07T09:47:00","date_gmt":"2022-10-07T07:47:00","guid":{"rendered":"https:\/\/cives-school.de\/?p=8522"},"modified":"2023-05-24T16:19:08","modified_gmt":"2023-05-24T14:19:08","slug":"schreiben-im-politikunterricht","status":"publish","type":"post","link":"https:\/\/cives-school.de\/?p=8522","title":{"rendered":"Schreiben im Politikunterricht"},"content":{"rendered":"\n<h2 class=\"wp-block-heading\"><strong>Interventionsstudie zum textsortenbasierten Lehr-Lern-Zyklus liefert erste Erkenntnisse zu dessen Effektivit\u00e4t f\u00fcr die schriftliche Urteilsf\u00e4higkeit von Sch\u00fcler*innen&nbsp;<\/strong><\/h2>\n\n\n\n<p class=\"has-drop-cap\">Die <strong>politische Urteilsf\u00e4higkeit <\/strong>gilt als zentrale Kompetenz f\u00fcr das Leben in der Demokratie und ist dementsprechend im Rahmen des Politikunterrichts zu f\u00f6rdern. Allerdings geschieht dies zumeist nur m\u00fcndlich, da das Schreiben in den gesellschaftswissenschaftlichen F\u00e4chern weiterhin als Seltenheit gilt (Th\u00fcrmann, 2012). Ferner mangelt es bisweilen an Untersuchungen der schriftsprachlichen F\u00e4higkeiten von Sch\u00fcler*innen in Verbindung mit deren politikbezogenen Kompetenzen.<\/p>\n\n\n\n<p>Diesem Desiderat geht <strong>Dr. Claudia Forkarth <\/strong>in ihrer <strong>Dissertation<\/strong> mit dem Titel <a href=\"https:\/\/link.springer.com\/content\/pdf\/10.1007\/978-3-658-39012-9.pdf\" target=\"_blank\" rel=\"noreferrer noopener\">\u201eSchriftliches Urteilen im Politikunterricht \u2013 Eine Studie zum textsortenbasierten Schreiben im Politikunterricht\u201c<\/a> nach.<\/p>\n\n\n\n<figure class=\"wp-block-image size-large\"><a href=\"https:\/\/cives-school.de\/wp-content\/uploads\/2022\/12\/cf-dissertation.jpg\"><img loading=\"lazy\" decoding=\"async\" width=\"1024\" height=\"681\" src=\"https:\/\/cives-school.de\/wp-content\/uploads\/2022\/12\/cf-dissertation-1024x681.jpg\" alt=\"\" class=\"wp-image-8523\" srcset=\"https:\/\/cives-school.de\/wp-content\/uploads\/2022\/12\/cf-dissertation-1024x681.jpg 1024w, https:\/\/cives-school.de\/wp-content\/uploads\/2022\/12\/cf-dissertation-300x199.jpg 300w, https:\/\/cives-school.de\/wp-content\/uploads\/2022\/12\/cf-dissertation-768x510.jpg 768w, https:\/\/cives-school.de\/wp-content\/uploads\/2022\/12\/cf-dissertation-1536x1021.jpg 1536w, https:\/\/cives-school.de\/wp-content\/uploads\/2022\/12\/cf-dissertation-2048x1361.jpg 2048w, https:\/\/cives-school.de\/wp-content\/uploads\/2022\/12\/cf-dissertation-630x420.jpg 630w, https:\/\/cives-school.de\/wp-content\/uploads\/2022\/12\/cf-dissertation-250x166.jpg 250w\" sizes=\"auto, (max-width: 1024px) 100vw, 1024px\" \/><\/a><\/figure>\n\n\n\n<p>In der Studie, die im Rahmen des <strong>interdisziplin\u00e4ren Forschungsprojekts SchriFT <\/strong>durchgef\u00fchrt wurde, wird fachliches mit schriftsprachlichem Lernen verkn\u00fcpft, indem die F\u00f6rderung der schriftlichen politischen Urteilsf\u00e4higkeit mittels des textsortenbasierten Lehr-Lern-Zyklus <em>(Genre Pedagogy oder Genre Based Research) <\/em>erprobt werden. Dazu wurden die sprachlichen Handlungen<em> Beschreiben, Erkl\u00e4ren <\/em>und<em> Begr\u00fcnden<\/em> untersucht und den sprachlichen Herausforderungen, die mit der Formulierung eines schriftlichen Urteils einhergehen, Rechnung getragen.<\/p>\n\n\n\n<p>Die Interventionsstudie liefert <strong>erste Befunde zur schriftlichen Urteilsf\u00e4higkeit von Sch\u00fcler*innen<\/strong> und der Effektivit\u00e4t des textsortenbasierten Lehr-Lern-Zyklus und bietet diverse M\u00f6glichkeiten f\u00fcr weitere Forschung. Dar\u00fcber hinaus ist w\u00e4hrend des Forschungsvorhabens u.a. eine <a rel=\"noreferrer noopener\" href=\"https:\/\/duepublico2.uni-due.de\/receive\/duepublico_mods_00074198\" target=\"_blank\"><strong>Unterrichtsreihe zum Thema \u201eMedien und Demokratie\u201c<\/strong> <\/a>entwickelt worden, deren Materialien frei zug\u00e4nglich sind (<a href=\"https:\/\/cives-school.de\/?p=7773\" target=\"_blank\" rel=\"noreferrer noopener\">vgl. hierzu auch unseren Beitrag von Dezember 2021<\/a>).<\/p>\n\n\n\n<div class=\"wp-block-image\"><figure class=\"alignright size-large is-resized\"><a href=\"https:\/\/cives-school.de\/wp-content\/uploads\/2022\/03\/Bild-Material_transparent.png\" target=\"_blank\" rel=\"https:\/\/duepublico2.uni-due.de\/receive\/duepublico_mods_00074198 noopener\"><img decoding=\"async\" src=\"https:\/\/cives-school.de\/wp-content\/uploads\/2022\/03\/Bild-Material_transparent-1024x576.png\" alt=\"\" class=\"wp-image-7955\" width=\"-1292\" height=\"-727\" srcset=\"https:\/\/cives-school.de\/wp-content\/uploads\/2022\/03\/Bild-Material_transparent-1024x576.png 1024w, https:\/\/cives-school.de\/wp-content\/uploads\/2022\/03\/Bild-Material_transparent-300x169.png 300w, https:\/\/cives-school.de\/wp-content\/uploads\/2022\/03\/Bild-Material_transparent-768x432.png 768w, https:\/\/cives-school.de\/wp-content\/uploads\/2022\/03\/Bild-Material_transparent-1536x864.png 1536w, https:\/\/cives-school.de\/wp-content\/uploads\/2022\/03\/Bild-Material_transparent-2048x1152.png 2048w, https:\/\/cives-school.de\/wp-content\/uploads\/2022\/03\/Bild-Material_transparent-250x141.png 250w\" sizes=\"(max-width: 1024px) 100vw, 1024px\" \/><\/a><\/figure><\/div>\n\n\n\n<p><\/p>\n\n\n\n<div class=\"white-box\">\n<h2>Zur Person<\/h2><p>\n<a href=\"https:\/\/www.uni-due.de\/politik\/forkarth.php\" target=\"_blank\" rel=\"noopener noreferrer\"><b>Dr. Claudia Forkarth<\/b><\/a> ist Akademische R\u00e4tin an der Professur Didaktik der Sozialwissenschaften am Institut f\u00fcr Politikwissenschaft der Universit\u00e4t Duisburg-Essen. Zudem war sie als wissenschaftliche Mitarbeiterin im Projekt SchriFT II und ProDaZ (Deutsch als Zweitsprache in allen F\u00e4chern) t\u00e4tig. Ihre Forschungsschwerpunkte liegen in der (schriftlichen) politischen Urteilsbildung, der sprachbewussten Gestaltung von Lehr-Lern-Prozessen sowie der fachspezifischen Schreibf\u00f6rderung im sozialwissenschaftlichen Fachunterricht.<br><br>Bei der <b><em>CIVES! School of Civic Education<\/em><\/b> sind zudem bislang folgende Ver\u00f6ffentlichungen von ihr erschienen:<br>\n<\/p><ul><li><a href=\"https:\/\/cives-school.de\/wp-content\/uploads\/2020\/04\/Praxistest9_online.pdf\" target=\"_blank\" rel=\"noopener noreferrer\"><em>CIVES-Praxistest#9<\/em><\/a> mit Frank Eike Zischke &#8211; Lernaufgaben im Politikunterricht kompetenzorientiert gestalten &#8211; Kriterien und exemplarische Aufgabenanalyse zum Thema Wahlen in Schulb\u00fcchern der Sekundarstufe I<\/li>\n<li><a href=\"https:\/\/cives-school.de\/wp-content\/uploads\/2017\/05\/Praxistest6.pdf\" target=\"_blank\" rel=\"noopener noreferrer\"><em>CIVES<\/em>-Praxistest#6<\/a> mit Farina Nagel, Sabine Manzel \u2013 Unterrichtsentwurf \u201eGewaltenteilung, oder: Alle Macht in einer Hand?\u201c Schaubilder im sprachsensiblen Politikunterricht<\/li>\n<li><a href=\"https:\/\/cives-school.de\/wp-content\/uploads\/2019\/06\/CIVES-Forum7_final.pdf\" target=\"_blank\" rel=\"noopener noreferrer\"><em>CIVES<\/em>-Forum#7<\/a> \u2013 Sprachliche Handlungen in politischen Sach- und Werturteilen &#8211; Theoretische \u00dcberlegungen aus interdisziplin\u00e4rer Perspektive<\/li>\n<li><em><a href=\"https:\/\/cives-school.de\/wp-content\/uploads\/2015\/11\/CIVES-Forum3.pdf\" target=\"_blank\" rel=\"noopener noreferrer\">CIVES<\/a><\/em><a href=\"https:\/\/cives-school.de\/wp-content\/uploads\/2015\/11\/CIVES-Forum3.pdf\" target=\"_blank\" rel=\"noopener noreferrer\">-Forum#3<\/a> mit Sabine Manzel, Farina Nagel &#8211; Scaffolding als Unterst\u00fctzungssystem im sprachsensiblen Fachunterricht &#8211; Ans\u00e4tze einer textsortenorientierten Sprachbildung im Politikunterricht<\/li><\/ul><p><\/p><\/div>\n\n\n\n<p><\/p>\n","protected":false},"excerpt":{"rendered":"<p>Interventionsstudie zum textsortenbasierten Lehr-Lern-Zyklus liefert erste Erkenntnisse zu dessen Effektivit\u00e4t f\u00fcr die schriftliche Urteilsf\u00e4higkeit von Sch\u00fcler*innen&nbsp; Die politische Urteilsf\u00e4higkeit gilt als zentrale Kompetenz f\u00fcr das Leben in der Demokratie und ist dementsprechend im Rahmen des Politikunterrichts zu f\u00f6rdern. Allerdings geschieht dies zumeist nur m\u00fcndlich, da das &hellip; <\/p>\n<p><a href=\"https:\/\/cives-school.de\/?p=8522\" class=\"more-link\"><span class=\"morelink-icon\">Weiterlesen<\/span><\/a><\/p>\n","protected":false},"author":7,"featured_media":0,"comment_status":"closed","ping_status":"closed","sticky":false,"template":"","format":"standard","meta":{"footnotes":""},"categories":[1,19,18],"tags":[],"class_list":["post-8522","post","type-post","status-publish","format-standard","hentry","category-allgemein","category-forschung","category-literaturmaterial"],"_links":{"self":[{"href":"https:\/\/cives-school.de\/index.php?rest_route=\/wp\/v2\/posts\/8522","targetHints":{"allow":["GET"]}}],"collection":[{"href":"https:\/\/cives-school.de\/index.php?rest_route=\/wp\/v2\/posts"}],"about":[{"href":"https:\/\/cives-school.de\/index.php?rest_route=\/wp\/v2\/types\/post"}],"author":[{"embeddable":true,"href":"https:\/\/cives-school.de\/index.php?rest_route=\/wp\/v2\/users\/7"}],"replies":[{"embeddable":true,"href":"https:\/\/cives-school.de\/index.php?rest_route=%2Fwp%2Fv2%2Fcomments&post=8522"}],"version-history":[{"count":9,"href":"https:\/\/cives-school.de\/index.php?rest_route=\/wp\/v2\/posts\/8522\/revisions"}],"predecessor-version":[{"id":8771,"href":"https:\/\/cives-school.de\/index.php?rest_route=\/wp\/v2\/posts\/8522\/revisions\/8771"}],"wp:attachment":[{"href":"https:\/\/cives-school.de\/index.php?rest_route=%2Fwp%2Fv2%2Fmedia&parent=8522"}],"wp:term":[{"taxonomy":"category","embeddable":true,"href":"https:\/\/cives-school.de\/index.php?rest_route=%2Fwp%2Fv2%2Fcategories&post=8522"},{"taxonomy":"post_tag","embeddable":true,"href":"https:\/\/cives-school.de\/index.php?rest_route=%2Fwp%2Fv2%2Ftags&post=8522"}],"curies":[{"name":"wp","href":"https:\/\/api.w.org\/{rel}","templated":true}]}}