{"id":8096,"date":"2022-06-15T10:51:00","date_gmt":"2022-06-15T08:51:00","guid":{"rendered":"https:\/\/cives-school.de\/?p=8096"},"modified":"2022-12-22T12:41:47","modified_gmt":"2022-12-22T10:41:47","slug":"frank-eike-zischke-untersuchtpolitikdidaktischeplanungskompetenz","status":"publish","type":"post","link":"https:\/\/cives-school.de\/?p=8096","title":{"rendered":"Frank Eike Zischke untersucht<br>politikdidaktische<br>Planungskompetenz"},"content":{"rendered":"\n<h3 class=\"wp-block-heading\">Pilotstudie liefert Hinweise zur Kompetenzsteigerung durch das Praxissemester<\/h3>\n\n\n\n<p class=\"has-drop-cap\"><em>Das Unterrichten<\/em> \u2013 es ist die charakteristische T\u00e4tigkeit von Lehrer*innen und Beweggrund f\u00fcr viele Menschen, diesen Beruf zu ergreifen. Damit Sch\u00fclerinnen erfolgreich lernen k\u00f6nnen, muss der Unterricht nicht nur fachgerecht und motivierend umgesetzt, sondern ebenso kompetent geplant werden.<\/p>\n\n\n\n<p>Bislang ist die Planungskompetenz von Lehrkr\u00e4ften jedoch ein noch stark unterbelichtetes Forschungsfeld, erst recht im Bereich der gesellschaftswissenschaftlichen Unterrichtsf\u00e4cher. Fachdidaktische Planungsprozesse von SoWi-Lehrkr\u00e4ften wurden bislang kaum erfasst und analysiert, die politikdidaktische Planungskompetenz weder operationalisiert noch empirisch gemessen.<\/p>\n\n\n\n<div class=\"wp-block-image\"><figure class=\"alignleft size-large is-resized\"><a href=\"https:\/\/link.springer.com\/content\/pdf\/10.1007\/978-3-658-36422-9.pdf\" target=\"_blank\" rel=\"noopener\"><img loading=\"lazy\" decoding=\"async\" src=\"https:\/\/cives-school.de\/wp-content\/uploads\/2022\/06\/Cover_Dissertation_FZ-722x1024.png\" alt=\"\" class=\"wp-image-8097\" width=\"277\" height=\"393\"\/><\/a><\/figure><\/div>\n\n\n\n<p>Diesem Desiderat geht <strong>Dr. Frank Eike Zischke <\/strong>in seiner Dissertation zum Thema <strong><a href=\"https:\/\/link.springer.com\/book\/10.1007\/978-3-658-36422-9\" target=\"_blank\" rel=\"noreferrer noopener\">\u201ePlanungskompetenz angehender Politiklehrer*innen im Praxissemester &#8211; Kompetenzorientierte Lernaufgaben in der Unterrichtsplanung\u201c<\/a><\/strong> nach. In seiner Forschungsarbeit entwickelt und validiert er ein Testinstrument (konstruierte Textvignette) zur Erfassung einer politikdidaktischen Planungskompetenz mit Fokus auf die Planung kompetenzorientierter Lernaufgaben. Hierf\u00fcr misst er im Rahmen einer Piloterhebung die Planungskompetenz von angehenden Lehrkr\u00e4ften, die sich noch im Studium befinden, zu zwei verschiedenen Zeitpunkten \u2013 vor und nach dem Praxissemester. Die Ergebnisse zeigen, dass das Praxissemester die Planungskompetenz steigern kann.<\/p>\n\n\n\n<p>Frank Eike Zischke liefert mit seiner Studie <strong>erstmals evidenzbasierte Befunde zur Entwicklung der politikdidaktischen Planungskompetenz im Verlauf des Praxissemesters<\/strong>. Sein Buch ist im <a href=\"https:\/\/link.springer.com\/book\/10.1007\/978-3-658-36422-9\" target=\"_blank\" rel=\"noreferrer noopener\">OpenAccess<\/a> des <em>Springer Verlags<\/em> erschienen.<\/p>\n\n\n\n<p><\/p>\n\n\n\n<div class=\"white-box\">\n<h2>Zur Person<\/h2>\n<p><a href=\"https:\/\/cives-school.de\/wp-content\/uploads\/2019\/05\/Team_Frank_Zischke_240x240.jpg\"><img loading=\"lazy\" decoding=\"async\" class=\"alignleft size-medium wp-image-6642\" src=\"https:\/\/cives-school.de\/wp-content\/uploads\/2019\/05\/Team_Frank_Zischke_240x240.jpg\" alt=\"Frank Eike Zischke\" width=\"180\" height=\"180\"><\/a><strong><a href=\"https:\/\/www.uni-due.de\/politik\/zischke.php\" target=\"_blank\" rel=\"noopener noreferrer\">Dr. Frank Eike Zischke<\/a><\/strong> promovierte 2021 bei <a href=\"https:\/\/www.uni-due.de\/politik\/manzel.php\" target=\"_blank\" rel=\"noopener noreferrer\">Prof. Dr. Sabine Manzel<\/a> an der <a href=\"https:\/\/www.uni-due.de\/politik\/lehrstuhl-fd\/\" target=\"_blank\" rel=\"noopener noreferrer\">Professur Didaktik der Sozialwissenschaften<\/a> und war von Juni 2017 bis M\u00e4rz 2022 als wissenschaftlicher Mitarbeiter an der <a href=\"https:\/\/www.uni-due.de\/\" target=\"_blank\" rel=\"noopener noreferrer\">Universit\u00e4t Duisburg-Essen<\/a>, insbesondere im BMBF-Forschungsprojekt <a href=\"https:\/\/www.uni-due.de\/proviel\/\" target=\"_blank\" rel=\"noopener noreferrer\">ProViel<\/a> der Qualit\u00e4tsoffensive Lehrerbildung t\u00e4tig.<br><br>\nSeit April 2022 arbeitet er f\u00fcr das <a href=\"http:\/\/www.ism-mz.de\/\" target=\"_blank\" rel=\"noopener noreferrer\">Institut f\u00fcr Sozialp\u00e4dagogische Forschung gemeinn\u00fctzige GmbH<\/a>.<br><br>\nIn unserer Reihe <a href=\"https:\/\/cives-school.de\/?page_id=1593\" target=\"_blank\" rel=\"noopener noreferrer\"><em>CIVES-Praxistest<\/em><\/a> ist von Frank Eike Zischke in Zusammenarbeit mit <a href=\"https:\/\/www.uni-due.de\/daz-daf\/forkarth.php\" target=\"_blank\" rel=\"noopener noreferrer\">Claudia Forkarth<\/a> folgender Beitrag erschienen: <a href=\"https:\/\/cives-school.de\/wp-content\/uploads\/2020\/04\/Praxistest9_online.pdf\" target=\"_blank\" rel=\"noopener noreferrer\"><em>\u201eLernaufgaben im Politikunterricht kompetenzorientiert gestalten \u2013 Kriterien und exemplarische Aufgabenanalyse zum Thema Wahlen in Schulb\u00fcchern der Sekundarstufe I\u201c<\/em><\/a>.<br><br> \n<p><\/p><\/div>\n\n\n\n<p><\/p>\n","protected":false},"excerpt":{"rendered":"<p>Pilotstudie liefert Hinweise zur Kompetenzsteigerung durch das Praxissemester Das Unterrichten \u2013 es ist die charakteristische T\u00e4tigkeit von Lehrer*innen und Beweggrund f\u00fcr viele Menschen, diesen Beruf zu ergreifen. Damit Sch\u00fclerinnen erfolgreich lernen k\u00f6nnen, muss der Unterricht nicht nur fachgerecht und motivierend umgesetzt, sondern ebenso kompetent geplant werden. &hellip; <\/p>\n<p><a href=\"https:\/\/cives-school.de\/?p=8096\" class=\"more-link\"><span class=\"morelink-icon\">Weiterlesen<\/span><\/a><\/p>\n","protected":false},"author":7,"featured_media":0,"comment_status":"closed","ping_status":"closed","sticky":false,"template":"","format":"standard","meta":{"footnotes":""},"categories":[19,18,20],"tags":[],"class_list":["post-8096","post","type-post","status-publish","format-standard","hentry","category-forschung","category-literaturmaterial","category-praxissemester"],"_links":{"self":[{"href":"https:\/\/cives-school.de\/index.php?rest_route=\/wp\/v2\/posts\/8096","targetHints":{"allow":["GET"]}}],"collection":[{"href":"https:\/\/cives-school.de\/index.php?rest_route=\/wp\/v2\/posts"}],"about":[{"href":"https:\/\/cives-school.de\/index.php?rest_route=\/wp\/v2\/types\/post"}],"author":[{"embeddable":true,"href":"https:\/\/cives-school.de\/index.php?rest_route=\/wp\/v2\/users\/7"}],"replies":[{"embeddable":true,"href":"https:\/\/cives-school.de\/index.php?rest_route=%2Fwp%2Fv2%2Fcomments&post=8096"}],"version-history":[{"count":15,"href":"https:\/\/cives-school.de\/index.php?rest_route=\/wp\/v2\/posts\/8096\/revisions"}],"predecessor-version":[{"id":8532,"href":"https:\/\/cives-school.de\/index.php?rest_route=\/wp\/v2\/posts\/8096\/revisions\/8532"}],"wp:attachment":[{"href":"https:\/\/cives-school.de\/index.php?rest_route=%2Fwp%2Fv2%2Fmedia&parent=8096"}],"wp:term":[{"taxonomy":"category","embeddable":true,"href":"https:\/\/cives-school.de\/index.php?rest_route=%2Fwp%2Fv2%2Fcategories&post=8096"},{"taxonomy":"post_tag","embeddable":true,"href":"https:\/\/cives-school.de\/index.php?rest_route=%2Fwp%2Fv2%2Ftags&post=8096"}],"curies":[{"name":"wp","href":"https:\/\/api.w.org\/{rel}","templated":true}]}}