{"id":7789,"date":"2021-11-26T22:47:00","date_gmt":"2021-11-26T20:47:00","guid":{"rendered":"https:\/\/cives-school.de\/?p=7789"},"modified":"2022-08-05T13:37:52","modified_gmt":"2022-08-05T11:37:52","slug":"politische-bildung-ausserhalb-von-schule-kennenlernen-austausch-mit-praxisgaesten","status":"publish","type":"post","link":"https:\/\/cives-school.de\/?p=7789","title":{"rendered":"Politische Bildung au\u00dferhalb von Schule kennenlernen \u2013 Austausch mit Praxisg\u00e4sten"},"content":{"rendered":"\n<p>Wie k\u00f6nnen Sch\u00fcler*innen im Unterricht f\u00fcr Politik und Demokratie begeistert werden? Welche au\u00dferschulischen Angebote gibt es, die Lehrkr\u00e4fte hierbei unterst\u00fctzen? Welche Bedeutung haben Exkursionen f\u00fcr das sozialwissenschaftliche Lernen?<\/p>\n\n\n\n<figure class=\"wp-block-image size-large\"><img loading=\"lazy\" decoding=\"async\" width=\"590\" height=\"392\" src=\"https:\/\/cives-school.de\/wp-content\/uploads\/2021\/12\/bfp-praxisg\u00e4ste-worldcafe_slider.jpg\" alt=\"\" class=\"wp-image-7790\" srcset=\"https:\/\/cives-school.de\/wp-content\/uploads\/2021\/12\/bfp-praxisg\u00e4ste-worldcafe_slider.jpg 590w, https:\/\/cives-school.de\/wp-content\/uploads\/2021\/12\/bfp-praxisg\u00e4ste-worldcafe_slider-300x199.jpg 300w, https:\/\/cives-school.de\/wp-content\/uploads\/2021\/12\/bfp-praxisg\u00e4ste-worldcafe_slider-250x166.jpg 250w\" sizes=\"auto, (max-width: 590px) 100vw, 590px\" \/><\/figure>\n\n\n\n<p>Um Konzepte, Institutionen und Akteure der au\u00dferschulischen politischen Bildung kennenzulernen, kommen jedes Jahr <strong>Expert*innen aus der Praxis in das Bachelor-Seminar \u201eVorbereitung Berufsfeldpraktikum\u201c <\/strong>von<strong> <a href=\"https:\/\/www.uni-due.de\/politik\/moellers.php\" target=\"_blank\" rel=\"noreferrer noopener\">Laura M\u00f6llers, M.A.<\/a><\/strong> Im Gespr\u00e4ch werden au\u00dferschulische Lehr-Lern-Prozesse und Lernorte thematisiert sowie m\u00f6gliche Kooperationen f\u00fcr den sp\u00e4teren Unterricht.<\/p>\n\n\n\n<p>Aufgrund der pandemischen Lage wurde das Kennenlernen dieses Mal virtuell umgesetzt. Die 60 teilnehmenden Studierenden freuten sich \u00fcber den <strong>virtuellen Besuch von gleich f\u00fcnf Praktiker*innen:<\/strong><\/p>\n\n\n\n<ul class=\"wp-block-list\"><li><strong>Jonas Israel,<\/strong> <a rel=\"noreferrer noopener\" href=\"https:\/\/www.politische-bildung.nrw.de\/\" target=\"_blank\">Landeszentrale f\u00fcr politische Bildung NW<\/a><\/li><li><strong>Miriam Jusuf<\/strong>, <a rel=\"noreferrer noopener\" href=\"https:\/\/www.aktuelles-forum.de\/\" target=\"_blank\">aktuelles forum e. V<\/a>.<\/li><li><strong>Dr. Joachim Schr\u00f6der,<\/strong> <a href=\"https:\/\/www.erinnerungsort-duesseldorf.de\/\" target=\"_blank\" rel=\"noreferrer noopener\">Erinnerungsort Alter Schlachthof\/Hochschule  D\u00fcsseldorf\/FORENA<\/a><\/li><li><strong>Tatjana Herdt<\/strong>, <a href=\"https:\/\/www.dortmund.de\/de\/rathaus_und_buergerservice\/lokalpolitik\/vielfalt_toleranz_und_demokratie\/respektbuero\/\" target=\"_blank\" rel=\"noreferrer noopener\">Respekt-B\u00fcro der Stadt Dortmund (Jugendamt)<\/a><\/li><li><strong>Dr. Barbara Hopmann<\/strong>, <a href=\"https:\/\/www.karl-arnold-stiftung.de\/startseite.html\" target=\"_blank\" rel=\"noreferrer noopener\">Karl-Arnold-Stiftung e. V<\/a>.<\/li><\/ul>\n\n\n\n<p>Angelehnt an die Methode des World Caf\u00e9 stellten die Praxisg\u00e4ste die verschiedenen <strong>Arbeitsbereiche ihrer politischen Bildungstr\u00e4ger<\/strong> vor und gaben Einblicke in den konkreten Berufsalltag. Die Studierenden interessierten sich f\u00fcr die organisatorische und methodisch-didaktische Planung sowie Umsetzung von Bildungsveranstaltungen im Bereich der politischen Jugend- und Erwachsenenbildung.<\/p>\n\n\n\n<p>Wir danken den Expert*innen f\u00fcr ihre Zeit und Ihren Besuch bei uns!<\/p>\n\n\n\n<p>Die Veranstaltung fand in Kooperation mit <a rel=\"noreferrer noopener\" href=\"https:\/\/idif.sowi.tu-dortmund.de\/professuren\/didaktik-der-sozialwissenschaften\/jannis-gluth\/\" target=\"_blank\">Jannis Gluth<\/a> von <a rel=\"noreferrer noopener\" href=\"https:\/\/idif.sowi.tu-dortmund.de\/\" target=\"_blank\">IDIF<\/a>\/ TU Dortmund statt.<\/p>\n\n\n\n<div class=\"grey-box\">\n<i>Bildnachweis: montierte Collage<\/i>\n<br>Bild 1: <a href=\"https:\/\/www.politische-bildung.nrw.de\/\" target=\"_blank\" rel=\"noopener noreferrer\">Landeszentrale f\u00fcr politische Bildung NW<\/a>\n<br>Bild 2: <a href=\"https:\/\/www.aktuelles-forum.de\/\" target=\"_blank\" rel=\"noopener noreferrer\">aktuelles forum e.V.<\/a>\n<br>Bild 3: <a href=\"https:\/\/www.erinnerungsort-duesseldorf.de\/\" target=\"_blank\" rel=\"noopener noreferrer\">Erinnerungsort D\u00fcsseldorf<\/a>\n<br>Bild 4: <a href=\"https:\/\/www.dortmund.de\/de\/rathaus_und_buergerservice\/lokalpolitik\/vielfalt_toleranz_und_demokratie\/respektbuero\/\" target=\"_blank\" rel=\"noopener noreferrer\">Respekt-B\u00fcro der Stadt Dortmund<\/a>\n<br>Bild 5: <a href=\"https:\/\/www.karl-arnold-stiftung.de\/startseite.html\" target=\"_blank\" rel=\"noopener noreferrer\">Karl-Arnold-Stiftung e.V.<\/a>\n<br>Illustration: <a href=\"https:\/\/www.freepik.com\/free-vector\/remote-team-concept-illustration_12334786.htm#page=1&amp;query=online%20meeting&amp;position=4&amp;from_view=author\" target=\"_blank\" rel=\"noopener noreferrer\">by Stories via Freepik<\/a>\n<\/div>\n","protected":false},"excerpt":{"rendered":"<p>Wie k\u00f6nnen Sch\u00fcler*innen im Unterricht f\u00fcr Politik und Demokratie begeistert werden? Welche au\u00dferschulischen Angebote gibt es, die Lehrkr\u00e4fte hierbei unterst\u00fctzen? Welche Bedeutung haben Exkursionen f\u00fcr das sozialwissenschaftliche Lernen? Um Konzepte, Institutionen und Akteure der au\u00dferschulischen politischen Bildung kennenzulernen, kommen jedes Jahr Expert*innen aus der Praxis in &hellip; <\/p>\n<p><a href=\"https:\/\/cives-school.de\/?p=7789\" class=\"more-link\"><span class=\"morelink-icon\">Weiterlesen<\/span><\/a><\/p>\n","protected":false},"author":7,"featured_media":0,"comment_status":"closed","ping_status":"closed","sticky":false,"template":"","format":"standard","meta":{"footnotes":""},"categories":[1,45,15,30,4,17,26],"tags":[],"class_list":["post-7789","post","type-post","status-publish","format-standard","hentry","category-allgemein","category-ausserschulische-pb","category-cives","category-fachnetzwerk","category-studierende","category-veranstaltungen","category-werkstattbericht"],"_links":{"self":[{"href":"https:\/\/cives-school.de\/index.php?rest_route=\/wp\/v2\/posts\/7789","targetHints":{"allow":["GET"]}}],"collection":[{"href":"https:\/\/cives-school.de\/index.php?rest_route=\/wp\/v2\/posts"}],"about":[{"href":"https:\/\/cives-school.de\/index.php?rest_route=\/wp\/v2\/types\/post"}],"author":[{"embeddable":true,"href":"https:\/\/cives-school.de\/index.php?rest_route=\/wp\/v2\/users\/7"}],"replies":[{"embeddable":true,"href":"https:\/\/cives-school.de\/index.php?rest_route=%2Fwp%2Fv2%2Fcomments&post=7789"}],"version-history":[{"count":5,"href":"https:\/\/cives-school.de\/index.php?rest_route=\/wp\/v2\/posts\/7789\/revisions"}],"predecessor-version":[{"id":7855,"href":"https:\/\/cives-school.de\/index.php?rest_route=\/wp\/v2\/posts\/7789\/revisions\/7855"}],"wp:attachment":[{"href":"https:\/\/cives-school.de\/index.php?rest_route=%2Fwp%2Fv2%2Fmedia&parent=7789"}],"wp:term":[{"taxonomy":"category","embeddable":true,"href":"https:\/\/cives-school.de\/index.php?rest_route=%2Fwp%2Fv2%2Fcategories&post=7789"},{"taxonomy":"post_tag","embeddable":true,"href":"https:\/\/cives-school.de\/index.php?rest_route=%2Fwp%2Fv2%2Ftags&post=7789"}],"curies":[{"name":"wp","href":"https:\/\/api.w.org\/{rel}","templated":true}]}}