{"id":7782,"date":"2021-10-08T22:29:00","date_gmt":"2021-10-08T20:29:00","guid":{"rendered":"https:\/\/cives-school.de\/?p=7782"},"modified":"2023-05-22T18:37:13","modified_gmt":"2023-05-22T16:37:13","slug":"vorstellung-offenerlehr-und-lernmaterialienbeim-sowi-modultag-2021","status":"publish","type":"post","link":"https:\/\/cives-school.de\/?p=7782","title":{"rendered":"Vorstellung offener<br>Lehr- und Lernmaterialien<br>beim SoWi-Modultag 2021"},"content":{"rendered":"\n<p>Einmal j\u00e4hrlich organisieren die Fachleitungen Sozialwissenschaften f\u00fcr Gymnasien &amp; Gesamtschulen der <strong>Bezirksregierung D\u00fcsseldorf<\/strong> f\u00fcr alle Referendar*innen einen Fortbildungstag.<\/p>\n\n\n\n<div class=\"wp-block-image\"><figure class=\"alignright size-large is-resized\"><img loading=\"lazy\" decoding=\"async\" src=\"https:\/\/cives-school.de\/wp-content\/uploads\/2021\/12\/collage-zfsl-logos.jpg\" alt=\"\" class=\"wp-image-7783\" width=\"345\" height=\"145\" srcset=\"https:\/\/cives-school.de\/wp-content\/uploads\/2021\/12\/collage-zfsl-logos.jpg 723w, https:\/\/cives-school.de\/wp-content\/uploads\/2021\/12\/collage-zfsl-logos-300x126.jpg 300w, https:\/\/cives-school.de\/wp-content\/uploads\/2021\/12\/collage-zfsl-logos-250x105.jpg 250w\" sizes=\"auto, (max-width: 345px) 100vw, 345px\" \/><\/figure><\/div>\n\n\n\n<p>Hierf\u00fcr hat am 7. Oktober 2021 Christian Brauers vom <strong>ZfsL Kleve<\/strong> mit Tobias Bock eine <strong>ganzt\u00e4gige digitale Konferenz <\/strong>organisiert, bei dem angehende Lehrkr\u00e4fte f\u00fcr die sozialwissenschaftlichen Unterrichtsf\u00e4cher au\u00dferschulische Kooperationspartner*innen kennenlernen oder fachliche Schwerpunkte vertiefen konnten.<\/p>\n\n\n\n<p>Die <a href=\"https:\/\/cives-school.de\/\" target=\"_blank\" rel=\"noreferrer noopener\"><em>CIVES! School of Civic Education<\/em><\/a> der <a href=\"https:\/\/www.uni-due.de\/\" target=\"_blank\" rel=\"noreferrer noopener\">Universit\u00e4t Duisburg-Essen<\/a> hat sich hieran beteiligt und zwei Workshops angeboten. In beiden wurden <strong>dom\u00e4nenspezifische, offene Lehr- und Lernmaterialien <\/strong><em>(Open Educational Resources)<\/em> vorgestellt, die vor kurzem entwickelt und zur Unterst\u00fctzung der Unterrichtsvorbereitung beitragen sollen. &nbsp;<\/p>\n\n\n\n<div class=\"wp-block-image\"><figure class=\"alignleft size-large is-resized\"><img loading=\"lazy\" decoding=\"async\" src=\"https:\/\/cives-school.de\/wp-content\/uploads\/2021\/12\/Claudia-Julian_BezReg_slider.jpg\" alt=\"\" class=\"wp-image-7784\" width=\"326\" height=\"216\" srcset=\"https:\/\/cives-school.de\/wp-content\/uploads\/2021\/12\/Claudia-Julian_BezReg_slider.jpg 590w, https:\/\/cives-school.de\/wp-content\/uploads\/2021\/12\/Claudia-Julian_BezReg_slider-300x199.jpg 300w, https:\/\/cives-school.de\/wp-content\/uploads\/2021\/12\/Claudia-Julian_BezReg_slider-250x166.jpg 250w\" sizes=\"auto, (max-width: 326px) 100vw, 326px\" \/><\/figure><\/div>\n\n\n\n<p><a href=\"https:\/\/www.uni-due.de\/politik\/luft.php\" target=\"_blank\" rel=\"noreferrer noopener\">Claudia Forkarth<\/a> widmete sich mit ihren Teilnehmenden der <strong>sprachsensiblen Unterrichtsgestaltung im politischen Fachunterricht<\/strong> in der <strong>Sekundarstufe I<\/strong> und lieferte mit praktischen Beispielen anhand von Sch\u00fclertexten konkrete Ideen zum Ausprobieren. (Siehe auch Beitrag zu <a href=\"https:\/\/cives-school.de\/?p=7773\" target=\"_blank\" rel=\"noreferrer noopener\">\u201eMaterialien f\u00fcr den textsortenbasierten Politik-\/GL-Unterricht\u201c<\/a>)<\/p>\n\n\n\n<p><a href=\"https:\/\/www.uni-due.de\/soziooekonomie\/becker.php\" target=\"_blank\" rel=\"noreferrer noopener\">Julian Becker<\/a> erl\u00e4uterte in seinem Workshop das Konzept, die Funktionen und Einsatzm\u00f6glichkeiten von <strong><em>wirtschaftspolitik.cc<\/em><\/strong> &#8211; dem digitalen, interaktiven Lernmittel zum Inhaltsfeld Wirtschaftspolitik in der <strong>Sekundarstufe II<\/strong>. Die <strong>55 Lerneinheiten und rund 50 Anwendungen<\/strong> orientieren sich eng am Kernlehrplan NRW und k\u00f6nnen sowohl als digitales Schulbuch als auch als flexibler Materialbaukasten verwendet und adaptiert werden. (Siehe auch Beitrag zu \u201e<a href=\"https:\/\/cives-school.de\/?p=7362\" target=\"_blank\" rel=\"noreferrer noopener\">Neue Lernmaterialien zum Thema Wirtschaftspolitik<\/a>\u201c).<\/p>\n\n\n\n<figure class=\"wp-block-image size-large\"><img loading=\"lazy\" decoding=\"async\" width=\"607\" height=\"285\" src=\"https:\/\/cives-school.de\/wp-content\/uploads\/2021\/12\/collage-schrift-wipo.jpg\" alt=\"\" class=\"wp-image-7785\" srcset=\"https:\/\/cives-school.de\/wp-content\/uploads\/2021\/12\/collage-schrift-wipo.jpg 607w, https:\/\/cives-school.de\/wp-content\/uploads\/2021\/12\/collage-schrift-wipo-300x141.jpg 300w, https:\/\/cives-school.de\/wp-content\/uploads\/2021\/12\/collage-schrift-wipo-250x117.jpg 250w\" sizes=\"auto, (max-width: 607px) 100vw, 607px\" \/><\/figure>\n\n\n\n<p>Wir haben uns gefreut, dabei zu sein und danken dem ZfsL Kleve f\u00fcr die Einladung!<\/p>\n","protected":false},"excerpt":{"rendered":"<p>Einmal j\u00e4hrlich organisieren die Fachleitungen Sozialwissenschaften f\u00fcr Gymnasien &amp; Gesamtschulen der Bezirksregierung D\u00fcsseldorf f\u00fcr alle Referendar*innen einen Fortbildungstag. Hierf\u00fcr hat am 7. Oktober 2021 Christian Brauers vom ZfsL Kleve mit Tobias Bock eine ganzt\u00e4gige digitale Konferenz organisiert, bei dem angehende Lehrkr\u00e4fte f\u00fcr die sozialwissenschaftlichen Unterrichtsf\u00e4cher au\u00dferschulische &hellip; <\/p>\n<p><a href=\"https:\/\/cives-school.de\/?p=7782\" class=\"more-link\"><span class=\"morelink-icon\">Weiterlesen<\/span><\/a><\/p>\n","protected":false},"author":7,"featured_media":0,"comment_status":"closed","ping_status":"closed","sticky":false,"template":"","format":"standard","meta":{"footnotes":""},"categories":[1,15,30,33,17],"tags":[],"class_list":["post-7782","post","type-post","status-publish","format-standard","hentry","category-allgemein","category-cives","category-fachnetzwerk","category-fortbildung","category-veranstaltungen"],"_links":{"self":[{"href":"https:\/\/cives-school.de\/index.php?rest_route=\/wp\/v2\/posts\/7782","targetHints":{"allow":["GET"]}}],"collection":[{"href":"https:\/\/cives-school.de\/index.php?rest_route=\/wp\/v2\/posts"}],"about":[{"href":"https:\/\/cives-school.de\/index.php?rest_route=\/wp\/v2\/types\/post"}],"author":[{"embeddable":true,"href":"https:\/\/cives-school.de\/index.php?rest_route=\/wp\/v2\/users\/7"}],"replies":[{"embeddable":true,"href":"https:\/\/cives-school.de\/index.php?rest_route=%2Fwp%2Fv2%2Fcomments&post=7782"}],"version-history":[{"count":6,"href":"https:\/\/cives-school.de\/index.php?rest_route=\/wp\/v2\/posts\/7782\/revisions"}],"predecessor-version":[{"id":8690,"href":"https:\/\/cives-school.de\/index.php?rest_route=\/wp\/v2\/posts\/7782\/revisions\/8690"}],"wp:attachment":[{"href":"https:\/\/cives-school.de\/index.php?rest_route=%2Fwp%2Fv2%2Fmedia&parent=7782"}],"wp:term":[{"taxonomy":"category","embeddable":true,"href":"https:\/\/cives-school.de\/index.php?rest_route=%2Fwp%2Fv2%2Fcategories&post=7782"},{"taxonomy":"post_tag","embeddable":true,"href":"https:\/\/cives-school.de\/index.php?rest_route=%2Fwp%2Fv2%2Ftags&post=7782"}],"curies":[{"name":"wp","href":"https:\/\/api.w.org\/{rel}","templated":true}]}}