{"id":6397,"date":"2019-04-18T08:24:32","date_gmt":"2019-04-18T06:24:32","guid":{"rendered":"https:\/\/cives-school.de\/?p=6397"},"modified":"2019-04-18T08:24:45","modified_gmt":"2019-04-18T06:24:45","slug":"fruehjahrs-absolventenfeier","status":"publish","type":"post","link":"https:\/\/cives-school.de\/?p=6397","title":{"rendered":"Fr\u00fchjahrs-Absolventenfeier"},"content":{"rendered":"<h1>Lehramtsstudierende feiern ihren <br \/> M.Ed.-Abschluss<\/h1>\n<p><a href=\"https:\/\/cives-school.de\/wp-content\/uploads\/2019\/04\/2019-04-05_Abschlussfeier_April_37.jpg\"><img loading=\"lazy\" decoding=\"async\" src=\"https:\/\/cives-school.de\/wp-content\/uploads\/2019\/04\/2019-04-05_Abschlussfeier_April_37-300x199.jpg\" alt=\"\" width=\"300\" height=\"199\" class=\"alignright size-medium wp-image-6395\" srcset=\"https:\/\/cives-school.de\/wp-content\/uploads\/2019\/04\/2019-04-05_Abschlussfeier_April_37-300x199.jpg 300w, https:\/\/cives-school.de\/wp-content\/uploads\/2019\/04\/2019-04-05_Abschlussfeier_April_37-768x510.jpg 768w, https:\/\/cives-school.de\/wp-content\/uploads\/2019\/04\/2019-04-05_Abschlussfeier_April_37-630x420.jpg 630w, https:\/\/cives-school.de\/wp-content\/uploads\/2019\/04\/2019-04-05_Abschlussfeier_April_37-250x166.jpg 250w, https:\/\/cives-school.de\/wp-content\/uploads\/2019\/04\/2019-04-05_Abschlussfeier_April_37.jpg 799w\" sizes=\"auto, (max-width: 300px) 100vw, 300px\" \/><\/a>Am 5. April 2019 verabschiedete das Zentrum f\u00fcr Lehrerbildung (ZLB) in einer <a href=\"https:\/\/zlb.uni-due.de\/2019\/04\/feierlicher-abschluss-fuer-ehemalige-lehramtsstudierende\/\" rel=\"noopener\" target=\"_blank\">feierlichen Zeremonie<\/a> die neuen Absolventinnen und Absolventen in den Lehramts-Studieng\u00e4ngen. <\/p>\n<p>Hierunter waren nat\u00fcrlich auch wieder Kandidatinnen und Kandidaten des <a href=\"https:\/\/www.uni-due.de\/gesellschaftswissenschaften\/lehramt_studiengaenge.php\" rel=\"noopener\" target=\"_blank\">Fachs Sozialwissenschaften<\/a>, z.B. Tom Kuhles, Elena Kuhnert, Janne Pohlmann, Kathrin Schmidt, denen stellvertretend f\u00fcr die <a href=\"https:\/\/www.uni-due.de\/gesellschaftswissenschaften\/\" rel=\"noopener\" target=\"_blank\">Fakult\u00e4t Gesellschaftswissenschaften<\/a> der Studiengangsbeauftragte Dr. Dennis Neumann sowie Laura M\u00f6llers von der <em><a href=\"https:\/\/cives-school.de\/\" rel=\"noopener\" target=\"_blank\">CIVES! School of Civic Education<\/a><\/em> ganz herzlich gratulierten. <\/p>\n<p><a href=\"https:\/\/cives-school.de\/wp-content\/uploads\/2019\/04\/Slider_Absolventenfeier_Apr-2019_v2.jpg\"><img loading=\"lazy\" decoding=\"async\" src=\"https:\/\/cives-school.de\/wp-content\/uploads\/2019\/04\/Slider_Absolventenfeier_Apr-2019_v2-300x199.jpg\" alt=\"\" width=\"300\" height=\"199\" class=\"alignleft size-medium wp-image-6396\" srcset=\"https:\/\/cives-school.de\/wp-content\/uploads\/2019\/04\/Slider_Absolventenfeier_Apr-2019_v2-300x199.jpg 300w, https:\/\/cives-school.de\/wp-content\/uploads\/2019\/04\/Slider_Absolventenfeier_Apr-2019_v2-250x166.jpg 250w, https:\/\/cives-school.de\/wp-content\/uploads\/2019\/04\/Slider_Absolventenfeier_Apr-2019_v2.jpg 590w\" sizes=\"auto, (max-width: 300px) 100vw, 300px\" \/><\/a>Eine besondere Ehrung erfuhr <strong>Kathrin Schmidt<\/strong> bei dieser Feier. Sie wurde als Jahrgangsbeste der Schulform HRSGe ausgezeichnet (Unterrichtsf\u00e4cher Sozialwissenschaften und Deutsch) und erhielt f\u00fcr ihre exzellenten Noten viel Applaus. Auch wir gratulieren Kathrin Schmidt ganz herzlich zu diesem tollen Erfolg. <\/p>\n<p>Frau Schmidt startet nach den Osterferien wie die meisten Absolvent*innen direkt in die Phase Zwei \u2013 den Vorbereitungsdienst. Ab Mai hei\u00dft es dann: Volles Eintauchen in die Schul- und Unterrichtspraxis und die konkrete Arbeit mit den eigenen Sch\u00fcler*innen.<\/p>\n<p><a href=\"https:\/\/cives-school.de\/wp-content\/uploads\/2019\/04\/2019-04-05_Abschlussfeier_April_16.jpg\"><img loading=\"lazy\" decoding=\"async\" src=\"https:\/\/cives-school.de\/wp-content\/uploads\/2019\/04\/2019-04-05_Abschlussfeier_April_16-300x199.jpg\" alt=\"\" width=\"300\" height=\"199\" class=\"alignleft size-medium wp-image-6394\" srcset=\"https:\/\/cives-school.de\/wp-content\/uploads\/2019\/04\/2019-04-05_Abschlussfeier_April_16-300x199.jpg 300w, https:\/\/cives-school.de\/wp-content\/uploads\/2019\/04\/2019-04-05_Abschlussfeier_April_16-768x510.jpg 768w, https:\/\/cives-school.de\/wp-content\/uploads\/2019\/04\/2019-04-05_Abschlussfeier_April_16-630x420.jpg 630w, https:\/\/cives-school.de\/wp-content\/uploads\/2019\/04\/2019-04-05_Abschlussfeier_April_16-250x166.jpg 250w, https:\/\/cives-school.de\/wp-content\/uploads\/2019\/04\/2019-04-05_Abschlussfeier_April_16.jpg 800w\" sizes=\"auto, (max-width: 300px) 100vw, 300px\" \/><\/a>Wir sagen allen Absolventinnen und Absolventen <strong>\u201eHerzlichen Gl\u00fcckwunsch zum Master of Education\u201c<\/strong> und w\u00fcnschen ihnen f\u00fcr die zweite Ausbildungsphase an <a href=\"http:\/\/www.zfsl.nrw.de\/\" rel=\"noopener\" target=\"_blank\">ZfsL<\/a> und Schule viel Erfolg, Freude und alles Gute! <\/p>\n<div class=\"grey-box\">\nBildnachweis:<br \/>\nBilder 1,2 &#8211; <a href=\"https:\/\/zlb.uni-due.de\/bildergalerien\/\" rel=\"noopener\" target=\"_blank\">ZLB<\/a>\/UDE<br \/>\nBild 3 \u2013 eigenes Bild CIVES\/UDE<br \/>\n<\/div>\n","protected":false},"excerpt":{"rendered":"<p>Lehramtsstudierende feiern ihren M.Ed.-Abschluss Am 5. April 2019 verabschiedete das Zentrum f\u00fcr Lehrerbildung (ZLB) in einer feierlichen Zeremonie die neuen Absolventinnen und Absolventen in den Lehramts-Studieng\u00e4ngen. Hierunter waren nat\u00fcrlich auch wieder Kandidatinnen und Kandidaten des Fachs Sozialwissenschaften, z.B. Tom Kuhles, Elena Kuhnert, Janne Pohlmann, Kathrin Schmidt, &hellip; <\/p>\n<p><a href=\"https:\/\/cives-school.de\/?p=6397\" class=\"more-link\"><span class=\"morelink-icon\">Weiterlesen<\/span><\/a><\/p>\n","protected":false},"author":7,"featured_media":0,"comment_status":"closed","ping_status":"closed","sticky":false,"template":"","format":"standard","meta":{"footnotes":""},"categories":[5,4,17],"tags":[],"class_list":["post-6397","post","type-post","status-publish","format-standard","hentry","category-lehrer","category-studierende","category-veranstaltungen"],"_links":{"self":[{"href":"https:\/\/cives-school.de\/index.php?rest_route=\/wp\/v2\/posts\/6397","targetHints":{"allow":["GET"]}}],"collection":[{"href":"https:\/\/cives-school.de\/index.php?rest_route=\/wp\/v2\/posts"}],"about":[{"href":"https:\/\/cives-school.de\/index.php?rest_route=\/wp\/v2\/types\/post"}],"author":[{"embeddable":true,"href":"https:\/\/cives-school.de\/index.php?rest_route=\/wp\/v2\/users\/7"}],"replies":[{"embeddable":true,"href":"https:\/\/cives-school.de\/index.php?rest_route=%2Fwp%2Fv2%2Fcomments&post=6397"}],"version-history":[{"count":4,"href":"https:\/\/cives-school.de\/index.php?rest_route=\/wp\/v2\/posts\/6397\/revisions"}],"predecessor-version":[{"id":6401,"href":"https:\/\/cives-school.de\/index.php?rest_route=\/wp\/v2\/posts\/6397\/revisions\/6401"}],"wp:attachment":[{"href":"https:\/\/cives-school.de\/index.php?rest_route=%2Fwp%2Fv2%2Fmedia&parent=6397"}],"wp:term":[{"taxonomy":"category","embeddable":true,"href":"https:\/\/cives-school.de\/index.php?rest_route=%2Fwp%2Fv2%2Fcategories&post=6397"},{"taxonomy":"post_tag","embeddable":true,"href":"https:\/\/cives-school.de\/index.php?rest_route=%2Fwp%2Fv2%2Ftags&post=6397"}],"curies":[{"name":"wp","href":"https:\/\/api.w.org\/{rel}","templated":true}]}}